{"id":9757,"date":"2026-01-30T14:20:09","date_gmt":"2026-01-30T11:20:09","guid":{"rendered":"https:\/\/elazigtso.org.tr\/tr\/?p=9757"},"modified":"2026-02-04T14:26:01","modified_gmt":"2026-02-04T11:26:01","slug":"sri-lanka-expo-2026-kolombo-18-21-haziran-2026","status":"publish","type":"post","link":"https:\/\/elazigtso.org.tr\/tr\/index.php\/2026\/01\/30\/sri-lanka-expo-2026-kolombo-18-21-haziran-2026\/","title":{"rendered":"Sri Lanka Expo 2026 \u2013 Kolombo \/ 18\u201321 Haziran 2026"},"content":{"rendered":"\n<p>Say\u0131n \u00dcyemiz,<br>TOBB taraf\u0131ndan Odam\u0131za g\u00f6nderilen yaz\u0131ya atfen, Birli\u011fimize iletilen a) Asya-Pasifik Ticaret ve Sanayi Odalar\u0131 Konfederasyonu&#8217;ndan al\u0131nan 27.01.2026 tarihli e-postas\u0131nda b) Sri Lanka Ankara B\u00fcy\u00fckel\u00e7ili\u011fi&#8217;nin 26.01.2026 tarihli e-posta yaz\u0131s\u0131nda; \u0130lgide kay\u0131tl\u0131 yaz\u0131larda; Sri Lanka Expo 2026&#8217;n\u0131n, 18\u201321 Haziran 2026 tarihlerinde Kolombo&#8217;da (BMICH)<br>d\u00fczenlenece\u011fi, etkinli\u011fin Sri Lanka Sanayi ve Giri\u015fimcilik Geli\u015ftirme Bakanl\u0131\u011f\u0131 koordinasyonunda olaca\u011f\u0131 ve organizasyon komitesinde Sri Lanka Ticaret ve Sanayi Odalar\u0131 Federasyonu&#8217;nun (FCCISL) yer alaca\u011f\u0131 belirtilmektedir.<br>S\u00f6z konusu etkinli\u011fe ili\u015fkin ayr\u0131nt\u0131l\u0131 bilgi ve kay\u0131t i\u015flemlerine https:\/\/srilankaexpo.lk adresinden eri\u015filebilmektedir.<\/p>\n\n\n\n<p>Sayg\u0131lar\u0131m\u0131zla,<br>Elaz\u0131\u011f Ticaret ve Sanayi Odas\u0131<\/p>\n","protected":false},"excerpt":{"rendered":"<p>Say\u0131n \u00dcyemiz,TOBB taraf\u0131ndan Odam\u0131za g\u00f6nderilen yaz\u0131ya atfen, Birli\u011fimize iletilen a) Asya-Pasifik Ticaret ve Sanayi Odalar\u0131 Konfederasyonu&#8217;ndan al\u0131nan 27.01.2026 tarihli e-postas\u0131nda b) Sri Lanka Ankara B\u00fcy\u00fckel\u00e7ili\u011fi&#8217;nin 26.01.2026 tarihli e-posta yaz\u0131s\u0131nda; \u0130lgide kay\u0131tl\u0131 yaz\u0131larda; Sri Lanka Expo 2026&#8217;n\u0131n, 18\u201321 Haziran 2026 tarihlerinde Kolombo&#8217;da (BMICH)d\u00fczenlenece\u011fi, etkinli\u011fin Sri Lanka Sanayi ve Giri\u015fimcilik Geli\u015ftirme Bakanl\u0131\u011f\u0131 koordinasyonunda olaca\u011f\u0131 ve organizasyon komitesinde [&hellip;]<\/p>\n","protected":false},"author":5,"featured_media":6585,"comment_status":"closed","ping_status":"closed","sticky":false,"template":"","format":"standard","meta":{"_jetpack_memberships_contains_paid_content":false,"footnotes":""},"categories":[3],"tags":[],"class_list":["post-9757","post","type-post","status-publish","format-standard","has-post-thumbnail","hentry","category-duyuru"],"jetpack_sharing_enabled":true,"jetpack_featured_media_url":"https:\/\/elazigtso.org.tr\/tr\/wp-content\/uploads\/2023\/11\/logo_news-80.jpg","_links":{"self":[{"href":"https:\/\/elazigtso.org.tr\/tr\/index.php\/wp-json\/wp\/v2\/posts\/9757","targetHints":{"allow":["GET"]}}],"collection":[{"href":"https:\/\/elazigtso.org.tr\/tr\/index.php\/wp-json\/wp\/v2\/posts"}],"about":[{"href":"https:\/\/elazigtso.org.tr\/tr\/index.php\/wp-json\/wp\/v2\/types\/post"}],"author":[{"embeddable":true,"href":"https:\/\/elazigtso.org.tr\/tr\/index.php\/wp-json\/wp\/v2\/users\/5"}],"replies":[{"embeddable":true,"href":"https:\/\/elazigtso.org.tr\/tr\/index.php\/wp-json\/wp\/v2\/comments?post=9757"}],"version-history":[{"count":1,"href":"https:\/\/elazigtso.org.tr\/tr\/index.php\/wp-json\/wp\/v2\/posts\/9757\/revisions"}],"predecessor-version":[{"id":9758,"href":"https:\/\/elazigtso.org.tr\/tr\/index.php\/wp-json\/wp\/v2\/posts\/9757\/revisions\/9758"}],"wp:featuredmedia":[{"embeddable":true,"href":"https:\/\/elazigtso.org.tr\/tr\/index.php\/wp-json\/wp\/v2\/media\/6585"}],"wp:attachment":[{"href":"https:\/\/elazigtso.org.tr\/tr\/index.php\/wp-json\/wp\/v2\/media?parent=9757"}],"wp:term":[{"taxonomy":"category","embeddable":true,"href":"https:\/\/elazigtso.org.tr\/tr\/index.php\/wp-json\/wp\/v2\/categories?post=9757"},{"taxonomy":"post_tag","embeddable":true,"href":"https:\/\/elazigtso.org.tr\/tr\/index.php\/wp-json\/wp\/v2\/tags?post=9757"}],"curies":[{"name":"wp","href":"https:\/\/api.w.org\/{rel}","templated":true}]}}