{"id":9572,"date":"2025-11-19T13:53:56","date_gmt":"2025-11-19T10:53:56","guid":{"rendered":"https:\/\/elazigtso.org.tr\/tr\/?p=9572"},"modified":"2025-11-24T13:57:25","modified_gmt":"2025-11-24T10:57:25","slug":"fas-ucak-kurtarma-ve-itfaiye-araclari-alimi-ve-bakim-hizmeti-ihalesi","status":"publish","type":"post","link":"https:\/\/elazigtso.org.tr\/tr\/index.php\/2025\/11\/19\/fas-ucak-kurtarma-ve-itfaiye-araclari-alimi-ve-bakim-hizmeti-ihalesi\/","title":{"rendered":"Fas U\u00e7ak Kurtarma ve \u0130tfaiye Ara\u00e7lar\u0131 Al\u0131m\u0131 ve Bak\u0131m Hizmeti \u0130halesi"},"content":{"rendered":"\n<p>Say\u0131n \u00dcyemiz,<br>TOBB taraf\u0131ndan Odam\u0131za g\u00f6nderilen yaz\u0131ya atfen, Birli\u011fimize iletilen Ticaret Bakanl\u0131\u011f\u0131&#8217;n\u0131n 14.11.2025 tarih ve 00115612060 say\u0131l\u0131 yaz\u0131s\u0131nda; Ticaret Bakanl\u0131\u011f\u0131&#8217;ndan al\u0131nan yaz\u0131da, Rabat Ticaret M\u00fc\u015favirli\u011fi&#8217;nin yaz\u0131s\u0131na atfen, Fas<br>Havalimanlar\u0131 Ofisi (ONDA) taraf\u0131ndan, u\u00e7ak kurtarma ve yang\u0131n m\u00fccadelesine y\u00f6nelik ara\u00e7 al\u0131m\u0131 ve bak\u0131m\u0131 i\u00e7in ihale a\u00e7\u0131ld\u0131\u011f\u0131 belirtilmektedir.<br>Yaz\u0131da devamla, adaylar\u0131n ihale i\u00e7in gerekli olan t\u00fcm dosya ve dok\u00fcmanlar\u0131 Fas Kamu \u0130haleleri Portal\u0131 (<a href=\"http:\/\/www.marchespublics.gov.ma\">www.marchespublics.gov.ma<\/a>) \u00fczerinden indirerek ba\u015fvurular\u0131n\u0131 &#8220;\u0130hale \u015eartnamesi&#8221;nde (R\u00e8glement de Consultation) yer alan madde h\u00fck\u00fcmlerine uygun \u015fekilde elektronik ortamda ger\u00e7ekle\u015ftirmeleri gerekti\u011fi ve ihaleye ili\u015fkin ba\u015fvurunun 2 Aral\u0131k 2025 g\u00fcn\u00fc yerel saat ile 10:00&#8217;da sona ererek belirtilen g\u00fcn ve saat sonras\u0131nda veya fiziki olarak yap\u0131lacak hi\u00e7bir ba\u015fvurunun kabul edilmeyece\u011fi bilgisi verilmektedir.<\/p>\n\n\n\n<p><a href=\"https:\/\/elazigtso.org.tr\/tr\/wp-content\/uploads\/2025\/11\/Fas-Ucak-Kurtarma-ve-Itfaiye-Araclari-Alimi-ve-Bakim-Hizmeti-Ihalesi.pdf\">Ek: Fas U\u00e7ak Kurtarma ve \u0130tfaiye Ara\u00e7lar\u0131 Al\u0131m\u0131 ve Bak\u0131m Hizmeti \u0130halesi<\/a><\/p>\n\n\n\n<p>Sayg\u0131lar\u0131m\u0131zla,<br>Elaz\u0131\u011f Ticaret ve Sanayi Odas\u0131<\/p>\n","protected":false},"excerpt":{"rendered":"<p>Say\u0131n \u00dcyemiz,TOBB taraf\u0131ndan Odam\u0131za g\u00f6nderilen yaz\u0131ya atfen, Birli\u011fimize iletilen Ticaret Bakanl\u0131\u011f\u0131&#8217;n\u0131n 14.11.2025 tarih ve 00115612060 say\u0131l\u0131 yaz\u0131s\u0131nda; Ticaret Bakanl\u0131\u011f\u0131&#8217;ndan al\u0131nan yaz\u0131da, Rabat Ticaret M\u00fc\u015favirli\u011fi&#8217;nin yaz\u0131s\u0131na atfen, FasHavalimanlar\u0131 Ofisi (ONDA) taraf\u0131ndan, u\u00e7ak kurtarma ve yang\u0131n m\u00fccadelesine y\u00f6nelik ara\u00e7 al\u0131m\u0131 ve bak\u0131m\u0131 i\u00e7in ihale a\u00e7\u0131ld\u0131\u011f\u0131 belirtilmektedir.Yaz\u0131da devamla, adaylar\u0131n ihale i\u00e7in gerekli olan t\u00fcm dosya ve dok\u00fcmanlar\u0131 Fas [&hellip;]<\/p>\n","protected":false},"author":5,"featured_media":6585,"comment_status":"closed","ping_status":"closed","sticky":false,"template":"","format":"standard","meta":{"_jetpack_memberships_contains_paid_content":false,"footnotes":""},"categories":[3],"tags":[],"class_list":["post-9572","post","type-post","status-publish","format-standard","has-post-thumbnail","hentry","category-duyuru"],"jetpack_sharing_enabled":true,"jetpack_featured_media_url":"https:\/\/elazigtso.org.tr\/tr\/wp-content\/uploads\/2023\/11\/logo_news-80.jpg","_links":{"self":[{"href":"https:\/\/elazigtso.org.tr\/tr\/index.php\/wp-json\/wp\/v2\/posts\/9572","targetHints":{"allow":["GET"]}}],"collection":[{"href":"https:\/\/elazigtso.org.tr\/tr\/index.php\/wp-json\/wp\/v2\/posts"}],"about":[{"href":"https:\/\/elazigtso.org.tr\/tr\/index.php\/wp-json\/wp\/v2\/types\/post"}],"author":[{"embeddable":true,"href":"https:\/\/elazigtso.org.tr\/tr\/index.php\/wp-json\/wp\/v2\/users\/5"}],"replies":[{"embeddable":true,"href":"https:\/\/elazigtso.org.tr\/tr\/index.php\/wp-json\/wp\/v2\/comments?post=9572"}],"version-history":[{"count":1,"href":"https:\/\/elazigtso.org.tr\/tr\/index.php\/wp-json\/wp\/v2\/posts\/9572\/revisions"}],"predecessor-version":[{"id":9574,"href":"https:\/\/elazigtso.org.tr\/tr\/index.php\/wp-json\/wp\/v2\/posts\/9572\/revisions\/9574"}],"wp:featuredmedia":[{"embeddable":true,"href":"https:\/\/elazigtso.org.tr\/tr\/index.php\/wp-json\/wp\/v2\/media\/6585"}],"wp:attachment":[{"href":"https:\/\/elazigtso.org.tr\/tr\/index.php\/wp-json\/wp\/v2\/media?parent=9572"}],"wp:term":[{"taxonomy":"category","embeddable":true,"href":"https:\/\/elazigtso.org.tr\/tr\/index.php\/wp-json\/wp\/v2\/categories?post=9572"},{"taxonomy":"post_tag","embeddable":true,"href":"https:\/\/elazigtso.org.tr\/tr\/index.php\/wp-json\/wp\/v2\/tags?post=9572"}],"curies":[{"name":"wp","href":"https:\/\/api.w.org\/{rel}","templated":true}]}}