{"id":9495,"date":"2025-10-24T11:13:33","date_gmt":"2025-10-24T08:13:33","guid":{"rendered":"https:\/\/elazigtso.org.tr\/tr\/?p=9495"},"modified":"2025-11-06T11:15:55","modified_gmt":"2025-11-06T08:15:55","slug":"ihracat-beyannamelerinin-kapatilmasi-5","status":"publish","type":"post","link":"https:\/\/elazigtso.org.tr\/tr\/index.php\/2025\/10\/24\/ihracat-beyannamelerinin-kapatilmasi-5\/","title":{"rendered":"\u0130hracat Beyannamelerinin Kapat\u0131lmas\u0131"},"content":{"rendered":"\n<p>Say\u0131n \u00dcyemiz,<br>TOBB taraf\u0131ndan Odam\u0131za g\u00f6nderilen yaz\u0131ya atfen, Birli\u011fimize iletilen Ticaret Bakanl\u0131\u011f\u0131&#8217;ndan al\u0131nan 17.10.2025 tarihli ve 114722778 say\u0131l\u0131 yaz\u0131s\u0131nda; 29 Ekim Cumhuriyet Bayram\u0131 dolay\u0131s\u0131yla resmi tatili ve 28 Ekim 2025 tarihindeki yar\u0131m g\u00fcn idari izni de g\u00f6z \u00f6n\u00fcnde bulundurmak suretiyle, 31 Ekim 2025 tarihi sonuna kadar ihracat ve ba\u011flant\u0131l\u0131 g\u00fcmr\u00fck i\u015flemlerine ili\u015fkin ihracat taleplerinin kar\u015f\u0131lanmas\u0131 i\u00e7in, yaz\u0131da detaylar\u0131 iletilen \u00e7al\u0131\u015fmalar\u0131n yap\u0131lmas\u0131 amac\u0131yla G\u00fcmr\u00fck<br>ve D\u0131\u015f Ticaret B\u00f6lge M\u00fcd\u00fcrl\u00fcklerine muhatap ilgi yaz\u0131n\u0131n bir \u00f6rne\u011fi ekte sunulmu\u015ftur.<\/p>\n\n\n\n<p><a href=\"https:\/\/elazigtso.org.tr\/tr\/wp-content\/uploads\/2025\/11\/Ihracat-Beyannamelerinin-Kapatilmasi.pdf\">Ek: \u0130hracat Beyannamelerinin Kapat\u0131lmas\u0131<\/a><\/p>\n\n\n\n<p>Sayg\u0131lar\u0131m\u0131zla,<br>Elaz\u0131\u011f Ticaret ve Sanayi Odas\u0131<\/p>\n","protected":false},"excerpt":{"rendered":"<p>Say\u0131n \u00dcyemiz,TOBB taraf\u0131ndan Odam\u0131za g\u00f6nderilen yaz\u0131ya atfen, Birli\u011fimize iletilen Ticaret Bakanl\u0131\u011f\u0131&#8217;ndan al\u0131nan 17.10.2025 tarihli ve 114722778 say\u0131l\u0131 yaz\u0131s\u0131nda; 29 Ekim Cumhuriyet Bayram\u0131 dolay\u0131s\u0131yla resmi tatili ve 28 Ekim 2025 tarihindeki yar\u0131m g\u00fcn idari izni de g\u00f6z \u00f6n\u00fcnde bulundurmak suretiyle, 31 Ekim 2025 tarihi sonuna kadar ihracat ve ba\u011flant\u0131l\u0131 g\u00fcmr\u00fck i\u015flemlerine ili\u015fkin ihracat taleplerinin kar\u015f\u0131lanmas\u0131 i\u00e7in, [&hellip;]<\/p>\n","protected":false},"author":5,"featured_media":6585,"comment_status":"closed","ping_status":"closed","sticky":false,"template":"","format":"standard","meta":{"_jetpack_memberships_contains_paid_content":false,"footnotes":""},"categories":[3],"tags":[],"class_list":["post-9495","post","type-post","status-publish","format-standard","has-post-thumbnail","hentry","category-duyuru"],"jetpack_sharing_enabled":true,"jetpack_featured_media_url":"https:\/\/elazigtso.org.tr\/tr\/wp-content\/uploads\/2023\/11\/logo_news-80.jpg","_links":{"self":[{"href":"https:\/\/elazigtso.org.tr\/tr\/index.php\/wp-json\/wp\/v2\/posts\/9495","targetHints":{"allow":["GET"]}}],"collection":[{"href":"https:\/\/elazigtso.org.tr\/tr\/index.php\/wp-json\/wp\/v2\/posts"}],"about":[{"href":"https:\/\/elazigtso.org.tr\/tr\/index.php\/wp-json\/wp\/v2\/types\/post"}],"author":[{"embeddable":true,"href":"https:\/\/elazigtso.org.tr\/tr\/index.php\/wp-json\/wp\/v2\/users\/5"}],"replies":[{"embeddable":true,"href":"https:\/\/elazigtso.org.tr\/tr\/index.php\/wp-json\/wp\/v2\/comments?post=9495"}],"version-history":[{"count":1,"href":"https:\/\/elazigtso.org.tr\/tr\/index.php\/wp-json\/wp\/v2\/posts\/9495\/revisions"}],"predecessor-version":[{"id":9497,"href":"https:\/\/elazigtso.org.tr\/tr\/index.php\/wp-json\/wp\/v2\/posts\/9495\/revisions\/9497"}],"wp:featuredmedia":[{"embeddable":true,"href":"https:\/\/elazigtso.org.tr\/tr\/index.php\/wp-json\/wp\/v2\/media\/6585"}],"wp:attachment":[{"href":"https:\/\/elazigtso.org.tr\/tr\/index.php\/wp-json\/wp\/v2\/media?parent=9495"}],"wp:term":[{"taxonomy":"category","embeddable":true,"href":"https:\/\/elazigtso.org.tr\/tr\/index.php\/wp-json\/wp\/v2\/categories?post=9495"},{"taxonomy":"post_tag","embeddable":true,"href":"https:\/\/elazigtso.org.tr\/tr\/index.php\/wp-json\/wp\/v2\/tags?post=9495"}],"curies":[{"name":"wp","href":"https:\/\/api.w.org\/{rel}","templated":true}]}}