{"id":9444,"date":"2025-10-24T14:49:29","date_gmt":"2025-10-24T11:49:29","guid":{"rendered":"https:\/\/elazigtso.org.tr\/tr\/?p=9444"},"modified":"2025-11-04T14:52:12","modified_gmt":"2025-11-04T11:52:12","slug":"texworld-paris-2026-spring-fuari","status":"publish","type":"post","link":"https:\/\/elazigtso.org.tr\/tr\/index.php\/2025\/10\/24\/texworld-paris-2026-spring-fuari\/","title":{"rendered":"Texworld Paris 2026 Spring Fuar\u0131"},"content":{"rendered":"\n<p>Say\u0131n \u00dcyemiz,<br>TOBB taraf\u0131ndan Odam\u0131za g\u00f6nderilen yaz\u0131ya atfen, Birli\u011fimize iletilen \u0130stanbul Ticaret Odas\u0131&#8217;n\u0131n 21.10.2025 tarihli ve 84329644\/129148 say\u0131l\u0131 yaz\u0131s\u0131nda; Fransa&#8217;n\u0131n Paris \u015fehrinde, 2-4 \u015eubat 2026 tarihleri aras\u0131nda d\u00fczenlenecek Texworld Paris 2026 Spring Fuar\u0131 T\u00fcrkiye milli i\u015ftirak organizasyonunun \u0130stanbul Ticaret Odas\u0131 taraf\u0131ndan ger\u00e7ekle\u015ftirilece\u011fi iletilmekte ve detayl\u0131 bilgilerin yer ald\u0131\u011f\u0131 bro\u015f\u00fcr iletilmektedir.<\/p>\n\n\n\n<p><a href=\"https:\/\/elazigtso.org.tr\/tr\/wp-content\/uploads\/2025\/11\/Texworld-Paris-2026-Spring-Fuari.pdf\">Ek: Texworld Paris 2026 Spring Fuar\u0131<\/a><\/p>\n\n\n\n<p>Sayg\u0131lar\u0131m\u0131zla,<br>Elaz\u0131\u011f Ticaret ve Sanayi Odas\u0131<\/p>\n","protected":false},"excerpt":{"rendered":"<p>Say\u0131n \u00dcyemiz,TOBB taraf\u0131ndan Odam\u0131za g\u00f6nderilen yaz\u0131ya atfen, Birli\u011fimize iletilen \u0130stanbul Ticaret Odas\u0131&#8217;n\u0131n 21.10.2025 tarihli ve 84329644\/129148 say\u0131l\u0131 yaz\u0131s\u0131nda; Fransa&#8217;n\u0131n Paris \u015fehrinde, 2-4 \u015eubat 2026 tarihleri aras\u0131nda d\u00fczenlenecek Texworld Paris 2026 Spring Fuar\u0131 T\u00fcrkiye milli i\u015ftirak organizasyonunun \u0130stanbul Ticaret Odas\u0131 taraf\u0131ndan ger\u00e7ekle\u015ftirilece\u011fi iletilmekte ve detayl\u0131 bilgilerin yer ald\u0131\u011f\u0131 bro\u015f\u00fcr iletilmektedir. Ek: Texworld Paris 2026 Spring Fuar\u0131 [&hellip;]<\/p>\n","protected":false},"author":5,"featured_media":6585,"comment_status":"closed","ping_status":"closed","sticky":false,"template":"","format":"standard","meta":{"_jetpack_memberships_contains_paid_content":false,"footnotes":""},"categories":[3],"tags":[],"class_list":["post-9444","post","type-post","status-publish","format-standard","has-post-thumbnail","hentry","category-duyuru"],"jetpack_sharing_enabled":true,"jetpack_featured_media_url":"https:\/\/elazigtso.org.tr\/tr\/wp-content\/uploads\/2023\/11\/logo_news-80.jpg","_links":{"self":[{"href":"https:\/\/elazigtso.org.tr\/tr\/index.php\/wp-json\/wp\/v2\/posts\/9444","targetHints":{"allow":["GET"]}}],"collection":[{"href":"https:\/\/elazigtso.org.tr\/tr\/index.php\/wp-json\/wp\/v2\/posts"}],"about":[{"href":"https:\/\/elazigtso.org.tr\/tr\/index.php\/wp-json\/wp\/v2\/types\/post"}],"author":[{"embeddable":true,"href":"https:\/\/elazigtso.org.tr\/tr\/index.php\/wp-json\/wp\/v2\/users\/5"}],"replies":[{"embeddable":true,"href":"https:\/\/elazigtso.org.tr\/tr\/index.php\/wp-json\/wp\/v2\/comments?post=9444"}],"version-history":[{"count":1,"href":"https:\/\/elazigtso.org.tr\/tr\/index.php\/wp-json\/wp\/v2\/posts\/9444\/revisions"}],"predecessor-version":[{"id":9446,"href":"https:\/\/elazigtso.org.tr\/tr\/index.php\/wp-json\/wp\/v2\/posts\/9444\/revisions\/9446"}],"wp:featuredmedia":[{"embeddable":true,"href":"https:\/\/elazigtso.org.tr\/tr\/index.php\/wp-json\/wp\/v2\/media\/6585"}],"wp:attachment":[{"href":"https:\/\/elazigtso.org.tr\/tr\/index.php\/wp-json\/wp\/v2\/media?parent=9444"}],"wp:term":[{"taxonomy":"category","embeddable":true,"href":"https:\/\/elazigtso.org.tr\/tr\/index.php\/wp-json\/wp\/v2\/categories?post=9444"},{"taxonomy":"post_tag","embeddable":true,"href":"https:\/\/elazigtso.org.tr\/tr\/index.php\/wp-json\/wp\/v2\/tags?post=9444"}],"curies":[{"name":"wp","href":"https:\/\/api.w.org\/{rel}","templated":true}]}}