{"id":9440,"date":"2025-10-22T14:44:24","date_gmt":"2025-10-22T11:44:24","guid":{"rendered":"https:\/\/elazigtso.org.tr\/tr\/?p=9440"},"modified":"2025-11-04T14:49:07","modified_gmt":"2025-11-04T11:49:07","slug":"ukrayna-altyapi-tesisleri-makine-techizat-ekipman-ihtiyaclari-hk","status":"publish","type":"post","link":"https:\/\/elazigtso.org.tr\/tr\/index.php\/2025\/10\/22\/ukrayna-altyapi-tesisleri-makine-techizat-ekipman-ihtiyaclari-hk\/","title":{"rendered":"Ukrayna Altyap\u0131 Tesisleri Makine-Te\u00e7hizat-Ekipman \u0130htiya\u00e7lar\u0131 Hk."},"content":{"rendered":"\n<p>Say\u0131n \u00dcyemiz,<br>TOBB taraf\u0131ndan Odam\u0131za g\u00f6nderilen yaz\u0131ya atfen, Birli\u011fimize iletilen Ticaret Bakanl\u0131\u011f\u0131&#8217;n\u0131n 16.10.2025 tarih ve 114648398 say\u0131l\u0131 yaz\u0131s\u0131nda; Kiev Ticaret M\u00fc\u015favirli\u011fi taraf\u0131ndan iletilen bir yaz\u0131ya afen, Rusya Federasyonu ile Ukrayna aras\u0131nda devam eden mevcut durumun etkileri sonucunda, Ukrayna&#8217;n\u0131n kritik altyap\u0131 unsurlar\u0131nda meydana gelen tahribat nedeniyle \u00fclkede acil nitelikte makine, ekipman ve te\u00e7hizat ihtiya\u00e7lar\u0131n\u0131n ortaya \u00e7\u0131kt\u0131\u011f\u0131 ifade edilmektedir.<br>S\u00f6z konusu ihtiya\u00e7lar\u0131n T\u00fcrk firmalar\u0131nca kar\u015f\u0131lanabilmesine y\u00f6nelik olarak Kiev B\u00fcy\u00fckel\u00e7ili\u011fi ve Ticaret M\u00fc\u015favirli\u011fimizce Ukraynal\u0131 muhataplar nezdinde \u00e7e\u015fitli temaslar\u0131n s\u00fcrd\u00fcr\u00fcld\u00fc\u011f\u00fc, son olarak Ukrayna Enerji Bakanl\u0131\u011f\u0131 taraf\u0131ndan bir \u00f6rne\u011fi ekli listede yer alan \u00fcr\u00fcnlerin T\u00fcrkiye&#8217;den tedarik edilebilmesine ili\u015fkin bir talebin ula\u015ft\u0131\u011f\u0131 bildirilmektedir.<br>Bilgilerini ve ihracat\u00e7\u0131 firmalar\u0131m\u0131z\u0131n bir \u00f6rne\u011fi ekli listede yer alan \u00fcr\u00fcn talepleri hakk\u0131nda bilgilendirilmesi ve ilave bilgi taleplerinin Kiev Ticaret M\u00fc\u015favirli\u011fimize (kiev@ticaret.gov.tr) y\u00f6nlendirilmesi hususunda gere\u011fini rica ederim.<\/p>\n\n\n\n<p><a href=\"https:\/\/elazigtso.org.tr\/tr\/wp-content\/uploads\/2025\/11\/14-ek.xlsx\">Ek: Dosya<\/a><\/p>\n\n\n\n<p>Sayg\u0131lar\u0131m\u0131zla,<br>Elaz\u0131\u011f Ticaret ve Sanayi Odas\u0131<\/p>\n","protected":false},"excerpt":{"rendered":"<p>Say\u0131n \u00dcyemiz,TOBB taraf\u0131ndan Odam\u0131za g\u00f6nderilen yaz\u0131ya atfen, Birli\u011fimize iletilen Ticaret Bakanl\u0131\u011f\u0131&#8217;n\u0131n 16.10.2025 tarih ve 114648398 say\u0131l\u0131 yaz\u0131s\u0131nda; Kiev Ticaret M\u00fc\u015favirli\u011fi taraf\u0131ndan iletilen bir yaz\u0131ya afen, Rusya Federasyonu ile Ukrayna aras\u0131nda devam eden mevcut durumun etkileri sonucunda, Ukrayna&#8217;n\u0131n kritik altyap\u0131 unsurlar\u0131nda meydana gelen tahribat nedeniyle \u00fclkede acil nitelikte makine, ekipman ve te\u00e7hizat ihtiya\u00e7lar\u0131n\u0131n ortaya \u00e7\u0131kt\u0131\u011f\u0131 ifade [&hellip;]<\/p>\n","protected":false},"author":5,"featured_media":6585,"comment_status":"closed","ping_status":"closed","sticky":false,"template":"","format":"standard","meta":{"_jetpack_memberships_contains_paid_content":false,"footnotes":""},"categories":[3],"tags":[],"class_list":["post-9440","post","type-post","status-publish","format-standard","has-post-thumbnail","hentry","category-duyuru"],"jetpack_sharing_enabled":true,"jetpack_featured_media_url":"https:\/\/elazigtso.org.tr\/tr\/wp-content\/uploads\/2023\/11\/logo_news-80.jpg","_links":{"self":[{"href":"https:\/\/elazigtso.org.tr\/tr\/index.php\/wp-json\/wp\/v2\/posts\/9440","targetHints":{"allow":["GET"]}}],"collection":[{"href":"https:\/\/elazigtso.org.tr\/tr\/index.php\/wp-json\/wp\/v2\/posts"}],"about":[{"href":"https:\/\/elazigtso.org.tr\/tr\/index.php\/wp-json\/wp\/v2\/types\/post"}],"author":[{"embeddable":true,"href":"https:\/\/elazigtso.org.tr\/tr\/index.php\/wp-json\/wp\/v2\/users\/5"}],"replies":[{"embeddable":true,"href":"https:\/\/elazigtso.org.tr\/tr\/index.php\/wp-json\/wp\/v2\/comments?post=9440"}],"version-history":[{"count":2,"href":"https:\/\/elazigtso.org.tr\/tr\/index.php\/wp-json\/wp\/v2\/posts\/9440\/revisions"}],"predecessor-version":[{"id":9443,"href":"https:\/\/elazigtso.org.tr\/tr\/index.php\/wp-json\/wp\/v2\/posts\/9440\/revisions\/9443"}],"wp:featuredmedia":[{"embeddable":true,"href":"https:\/\/elazigtso.org.tr\/tr\/index.php\/wp-json\/wp\/v2\/media\/6585"}],"wp:attachment":[{"href":"https:\/\/elazigtso.org.tr\/tr\/index.php\/wp-json\/wp\/v2\/media?parent=9440"}],"wp:term":[{"taxonomy":"category","embeddable":true,"href":"https:\/\/elazigtso.org.tr\/tr\/index.php\/wp-json\/wp\/v2\/categories?post=9440"},{"taxonomy":"post_tag","embeddable":true,"href":"https:\/\/elazigtso.org.tr\/tr\/index.php\/wp-json\/wp\/v2\/tags?post=9440"}],"curies":[{"name":"wp","href":"https:\/\/api.w.org\/{rel}","templated":true}]}}