{"id":9425,"date":"2025-10-13T11:04:06","date_gmt":"2025-10-13T08:04:06","guid":{"rendered":"https:\/\/elazigtso.org.tr\/tr\/?p=9425"},"modified":"2025-10-28T11:07:24","modified_gmt":"2025-10-28T08:07:24","slug":"kirgizistanda-duzenlenecek-fuarlar","status":"publish","type":"post","link":"https:\/\/elazigtso.org.tr\/tr\/index.php\/2025\/10\/13\/kirgizistanda-duzenlenecek-fuarlar\/","title":{"rendered":"K\u0131rg\u0131zistan&#8217;da D\u00fczenlenecek Fuarlar"},"content":{"rendered":"\n<p>Say\u0131n \u00dcyemiz,<br>TOBB taraf\u0131ndan Odam\u0131za g\u00f6nderilen yaz\u0131ya atfen, Birli\u011fimize iletilen Ticaret Bakanl\u0131\u011f\u0131&#8217;n\u0131n 08.10.2025 tarihli, E-51278314-525.01-00114384409 say\u0131l\u0131 yaz\u0131s\u0131nda; 2025-2026 y\u0131llar\u0131nda K\u0131rg\u0131zistan&#8217;da a\u015fa\u011f\u0131da bilgileri yer alan fuarlar\u0131n d\u00fczenlenmesinin \u00f6ng\u00f6r\u00fcld\u00fc\u011f\u00fc bildirilmektedir.<br>Fuarlar:<\/p>\n\n\n\n<ul class=\"wp-block-list\">\n<li> KyrgyzTransLogistic \u2013 2. Uluslararas\u0131 Lojistik, Depolama Ekipmanlar\u0131 ve Ticari Ta\u015f\u0131mac\u0131l\u0131k Fuar\u0131. D\u00fczenleme tarihi: 28-30 Ekim 2025 (<a href=\"https:\/\/logisticexpo.kg\/en\">https:\/\/logisticexpo.kg\/en<\/a>)<\/li>\n<\/ul>\n\n\n\n<ul class=\"wp-block-list\">\n<li> Kyrgyz Build \u2013 23. Uluslararas\u0131 \u0130n\u015faat End\u00fcstrisi \u0130htisas Fuar\u0131. D\u00fczenleme tarihi: 14-16 Nisan 2026 (<a href=\"https:\/\/kyrgyzbuild.kg\/en\">https:\/\/kyrgyzbuild.kg\/en<\/a>)<\/li>\n<\/ul>\n\n\n\n<ul class=\"wp-block-list\">\n<li> MedExpo Kyrgyzstan \u2013 20. Uluslararas\u0131 Sa\u011fl\u0131k \u0130htisas Fuar\u0131. D\u00fczenleme tarihi: 31 Mart &#8211; 2 Nisan 2026 (<a href=\"https:\/\/medexpo.kg\/en\">https:\/\/medexpo.kg\/en<\/a>)<\/li>\n<\/ul>\n\n\n\n<ul class=\"wp-block-list\">\n<li> Ala-Too TravelExpo \u2013 1. Uluslararas\u0131 Turizm Fuar\u0131 D\u00fczenleme tarihi: 28-30 Nisan 2026 (<a href=\"https:\/\/biexpo.tilda.ws\/en\">https:\/\/biexpo.tilda.ws\/en<\/a>)<\/li>\n<\/ul>\n\n\n\n<ul class=\"wp-block-list\">\n<li> KyrgyzTransLogistic \u2013 3. Uluslararas\u0131 Lojistik, Depolama Ekipmanlar\u0131 ve Ticari Ta\u015f\u0131mac\u0131l\u0131k Fuar\u0131. D\u00fczenleme tarihi: 27-29 Ekim 2026 (<a href=\"https:\/\/logisticexpo.kg\/en\">https:\/\/logisticexpo.kg\/en<\/a>)<\/li>\n<\/ul>\n\n\n\n<p>Sayg\u0131lar\u0131m\u0131zla,<br>Elaz\u0131\u011f Ticaret ve Sanayi Odas\u0131<\/p>\n","protected":false},"excerpt":{"rendered":"<p>Say\u0131n \u00dcyemiz,TOBB taraf\u0131ndan Odam\u0131za g\u00f6nderilen yaz\u0131ya atfen, Birli\u011fimize iletilen Ticaret Bakanl\u0131\u011f\u0131&#8217;n\u0131n 08.10.2025 tarihli, E-51278314-525.01-00114384409 say\u0131l\u0131 yaz\u0131s\u0131nda; 2025-2026 y\u0131llar\u0131nda K\u0131rg\u0131zistan&#8217;da a\u015fa\u011f\u0131da bilgileri yer alan fuarlar\u0131n d\u00fczenlenmesinin \u00f6ng\u00f6r\u00fcld\u00fc\u011f\u00fc bildirilmektedir.Fuarlar: Sayg\u0131lar\u0131m\u0131zla,Elaz\u0131\u011f Ticaret ve Sanayi Odas\u0131<\/p>\n","protected":false},"author":5,"featured_media":6585,"comment_status":"closed","ping_status":"closed","sticky":false,"template":"","format":"standard","meta":{"_jetpack_memberships_contains_paid_content":false,"footnotes":""},"categories":[3],"tags":[],"class_list":["post-9425","post","type-post","status-publish","format-standard","has-post-thumbnail","hentry","category-duyuru"],"jetpack_sharing_enabled":true,"jetpack_featured_media_url":"https:\/\/elazigtso.org.tr\/tr\/wp-content\/uploads\/2023\/11\/logo_news-80.jpg","_links":{"self":[{"href":"https:\/\/elazigtso.org.tr\/tr\/index.php\/wp-json\/wp\/v2\/posts\/9425","targetHints":{"allow":["GET"]}}],"collection":[{"href":"https:\/\/elazigtso.org.tr\/tr\/index.php\/wp-json\/wp\/v2\/posts"}],"about":[{"href":"https:\/\/elazigtso.org.tr\/tr\/index.php\/wp-json\/wp\/v2\/types\/post"}],"author":[{"embeddable":true,"href":"https:\/\/elazigtso.org.tr\/tr\/index.php\/wp-json\/wp\/v2\/users\/5"}],"replies":[{"embeddable":true,"href":"https:\/\/elazigtso.org.tr\/tr\/index.php\/wp-json\/wp\/v2\/comments?post=9425"}],"version-history":[{"count":1,"href":"https:\/\/elazigtso.org.tr\/tr\/index.php\/wp-json\/wp\/v2\/posts\/9425\/revisions"}],"predecessor-version":[{"id":9426,"href":"https:\/\/elazigtso.org.tr\/tr\/index.php\/wp-json\/wp\/v2\/posts\/9425\/revisions\/9426"}],"wp:featuredmedia":[{"embeddable":true,"href":"https:\/\/elazigtso.org.tr\/tr\/index.php\/wp-json\/wp\/v2\/media\/6585"}],"wp:attachment":[{"href":"https:\/\/elazigtso.org.tr\/tr\/index.php\/wp-json\/wp\/v2\/media?parent=9425"}],"wp:term":[{"taxonomy":"category","embeddable":true,"href":"https:\/\/elazigtso.org.tr\/tr\/index.php\/wp-json\/wp\/v2\/categories?post=9425"},{"taxonomy":"post_tag","embeddable":true,"href":"https:\/\/elazigtso.org.tr\/tr\/index.php\/wp-json\/wp\/v2\/tags?post=9425"}],"curies":[{"name":"wp","href":"https:\/\/api.w.org\/{rel}","templated":true}]}}