{"id":8440,"date":"2025-02-03T13:23:35","date_gmt":"2025-02-03T10:23:35","guid":{"rendered":"https:\/\/elazigtso.org.tr\/tr\/?p=8440"},"modified":"2025-02-06T13:27:06","modified_gmt":"2025-02-06T10:27:06","slug":"turkmenistan-2025-yili-sergi-fuar-vb-etkinlikleri","status":"publish","type":"post","link":"https:\/\/elazigtso.org.tr\/tr\/index.php\/2025\/02\/03\/turkmenistan-2025-yili-sergi-fuar-vb-etkinlikleri\/","title":{"rendered":"T\u00fcrkmenistan 2025 Y\u0131l\u0131 Sergi, Fuar vb. Etkinlikleri"},"content":{"rendered":"\n<p>Say\u0131n \u00dcyemiz,<br>TOBB taraf\u0131ndan Odam\u0131za g\u00f6nderilen yaz\u0131ya atfen, Birli\u011fimize iletilen Ticaret Bakanl\u0131\u011f\u0131&#8217;n\u0131n 20.01.2025 tarihli ve E-51278314-525.01-00105245389 say\u0131l\u0131 yaz\u0131s\u0131nda; \u0130lgide kay\u0131tl\u0131 yaz\u0131da, T\u00fcrkmenistan&#8217;\u0131n ilgili Bakanl\u0131klar\u0131\/Kurumlar\u0131 taraf\u0131ndan 2025 y\u0131l\u0131nda d\u00fczenlenmesi \u00f6ng\u00f6r\u00fclen sergi, fuar vb. etkinliklerin listesi iletilmektedir.<\/p>\n\n\n\n<p><a href=\"https:\/\/elazigtso.org.tr\/tr\/wp-content\/uploads\/2025\/02\/Turkmenistan-2025-Yili-Sergi-Fuar-vb.-Etkinlikleri.pdf\">Ek: T\u00fcrkmenistan 2025 Y\u0131l\u0131 Sergi, Fuar vb. Etkinlikleri<\/a><\/p>\n\n\n\n<p>Sayg\u0131lar\u0131m\u0131zla,<br>Elaz\u0131\u011f Ticaret ve Sanayi Odas\u0131<\/p>\n","protected":false},"excerpt":{"rendered":"<p>Say\u0131n \u00dcyemiz,TOBB taraf\u0131ndan Odam\u0131za g\u00f6nderilen yaz\u0131ya atfen, Birli\u011fimize iletilen Ticaret Bakanl\u0131\u011f\u0131&#8217;n\u0131n 20.01.2025 tarihli ve E-51278314-525.01-00105245389 say\u0131l\u0131 yaz\u0131s\u0131nda; \u0130lgide kay\u0131tl\u0131 yaz\u0131da, T\u00fcrkmenistan&#8217;\u0131n ilgili Bakanl\u0131klar\u0131\/Kurumlar\u0131 taraf\u0131ndan 2025 y\u0131l\u0131nda d\u00fczenlenmesi \u00f6ng\u00f6r\u00fclen sergi, fuar vb. etkinliklerin listesi iletilmektedir. Ek: T\u00fcrkmenistan 2025 Y\u0131l\u0131 Sergi, Fuar vb. Etkinlikleri Sayg\u0131lar\u0131m\u0131zla,Elaz\u0131\u011f Ticaret ve Sanayi Odas\u0131<\/p>\n","protected":false},"author":5,"featured_media":6585,"comment_status":"closed","ping_status":"","sticky":false,"template":"","format":"standard","meta":{"_jetpack_memberships_contains_paid_content":false,"footnotes":""},"categories":[3],"tags":[],"class_list":["post-8440","post","type-post","status-publish","format-standard","has-post-thumbnail","hentry","category-duyuru"],"jetpack_sharing_enabled":true,"jetpack_featured_media_url":"https:\/\/elazigtso.org.tr\/tr\/wp-content\/uploads\/2023\/11\/logo_news-80.jpg","_links":{"self":[{"href":"https:\/\/elazigtso.org.tr\/tr\/index.php\/wp-json\/wp\/v2\/posts\/8440","targetHints":{"allow":["GET"]}}],"collection":[{"href":"https:\/\/elazigtso.org.tr\/tr\/index.php\/wp-json\/wp\/v2\/posts"}],"about":[{"href":"https:\/\/elazigtso.org.tr\/tr\/index.php\/wp-json\/wp\/v2\/types\/post"}],"author":[{"embeddable":true,"href":"https:\/\/elazigtso.org.tr\/tr\/index.php\/wp-json\/wp\/v2\/users\/5"}],"replies":[{"embeddable":true,"href":"https:\/\/elazigtso.org.tr\/tr\/index.php\/wp-json\/wp\/v2\/comments?post=8440"}],"version-history":[{"count":1,"href":"https:\/\/elazigtso.org.tr\/tr\/index.php\/wp-json\/wp\/v2\/posts\/8440\/revisions"}],"predecessor-version":[{"id":8442,"href":"https:\/\/elazigtso.org.tr\/tr\/index.php\/wp-json\/wp\/v2\/posts\/8440\/revisions\/8442"}],"wp:featuredmedia":[{"embeddable":true,"href":"https:\/\/elazigtso.org.tr\/tr\/index.php\/wp-json\/wp\/v2\/media\/6585"}],"wp:attachment":[{"href":"https:\/\/elazigtso.org.tr\/tr\/index.php\/wp-json\/wp\/v2\/media?parent=8440"}],"wp:term":[{"taxonomy":"category","embeddable":true,"href":"https:\/\/elazigtso.org.tr\/tr\/index.php\/wp-json\/wp\/v2\/categories?post=8440"},{"taxonomy":"post_tag","embeddable":true,"href":"https:\/\/elazigtso.org.tr\/tr\/index.php\/wp-json\/wp\/v2\/tags?post=8440"}],"curies":[{"name":"wp","href":"https:\/\/api.w.org\/{rel}","templated":true}]}}