{"id":8432,"date":"2025-01-23T13:10:45","date_gmt":"2025-01-23T10:10:45","guid":{"rendered":"https:\/\/elazigtso.org.tr\/tr\/?p=8432"},"modified":"2025-02-06T13:14:12","modified_gmt":"2025-02-06T10:14:12","slug":"oecd-dijital-politika-komitesi-hizmet-alimi-ihalesi","status":"publish","type":"post","link":"https:\/\/elazigtso.org.tr\/tr\/index.php\/2025\/01\/23\/oecd-dijital-politika-komitesi-hizmet-alimi-ihalesi\/","title":{"rendered":"OECD\/Dijital Politika Komitesi Hizmet Al\u0131m\u0131 \u0130halesi"},"content":{"rendered":"\n<p>Say\u0131n \u00dcyemiz,<br>TOBB taraf\u0131ndan Odam\u0131za g\u00f6nderilen yaz\u0131ya atfen, Birli\u011fimize iletilen T.C. Cumhurba\u015fkanl\u0131\u011f\u0131 Dijital D\u00f6n\u00fc\u015f\u00fcm Ofisi Ba\u015fkanl\u0131\u011f\u0131 Uluslararas\u0131 \u0130li\u015fkiler Dairesi&#8217;nin 17.01.2025 tarihli ve E-36635859-730.07-20377 say\u0131l\u0131 yaz\u0131s\u0131nda; \u0130lgide kay\u0131tl\u0131 yaz\u0131da, Ekonomik \u0130\u015fbirli\u011fi ve Kalk\u0131nma Te\u015fkilat\u0131 (OECD) Kurumsal Tedarik Birimi taraf\u0131ndan, Dijital Politika Komitesi&#8217;nin \u00fc\u00e7 temel \u00e7evrimi\u00e7i altyap\u0131s\u0131 olan i) OECD Going Digital Ara\u00e7 Seti, ii) Veri Mutfa\u011f\u0131 ve iii) OECD Dijital Politika Platformu&#8217;nun geli\u015ftirilmesi amac\u0131yla bir veya daha fazla kaynaktan hizmet al\u0131m\u0131 i\u00e7in ihale a\u00e7\u0131ld\u0131\u011f\u0131 bildirilmi\u015ftir.<br>Bahse konu platformlar, dijital politikalarla ilgili analiz ve rehberlik sunarak \u00fclkelerin dijital geli\u015fimlerini de\u011ferlendirmeleri ve strateji olu\u015fturmalar\u0131 i\u00e7in politika yap\u0131c\u0131lara destek sa\u011flamay\u0131 ama\u00e7lamakta olup, OECD bu kapsamda bir veya daha fazla tedarik\u00e7i ile \u00e7er\u00e7eve s\u00f6zle\u015fmesi imzalamay\u0131 planlamaktad\u0131r.<br>\u0130hale tekliflerinin Paris yerel saatiyle 10 \u015eubat 2025 saat 18:00&#8217;e kadar sunulabilece\u011fi belirtilmi\u015f olup, kay\u0131tlar\u0131n a\u015fa\u011f\u0131daki ba\u011flant\u0131 adresinden olu\u015fturulabilece\u011fi ifade edilmi\u015ftir:<\/p>\n\n\n\n<ul class=\"wp-block-list\">\n<li> <a href=\"https:\/\/dashboard.prospeum.com\/#\/login\/onboarding\/oecd\">https:\/\/dashboard.prospeum.com\/#\/login\/onboarding\/oecd<\/a><\/li>\n<\/ul>\n\n\n\n<p>Sayg\u0131lar\u0131m\u0131zla,<br>Elaz\u0131\u011f Ticaret ve Sanayi Odas\u0131<\/p>\n","protected":false},"excerpt":{"rendered":"<p>Say\u0131n \u00dcyemiz,TOBB taraf\u0131ndan Odam\u0131za g\u00f6nderilen yaz\u0131ya atfen, Birli\u011fimize iletilen T.C. Cumhurba\u015fkanl\u0131\u011f\u0131 Dijital D\u00f6n\u00fc\u015f\u00fcm Ofisi Ba\u015fkanl\u0131\u011f\u0131 Uluslararas\u0131 \u0130li\u015fkiler Dairesi&#8217;nin 17.01.2025 tarihli ve E-36635859-730.07-20377 say\u0131l\u0131 yaz\u0131s\u0131nda; \u0130lgide kay\u0131tl\u0131 yaz\u0131da, Ekonomik \u0130\u015fbirli\u011fi ve Kalk\u0131nma Te\u015fkilat\u0131 (OECD) Kurumsal Tedarik Birimi taraf\u0131ndan, Dijital Politika Komitesi&#8217;nin \u00fc\u00e7 temel \u00e7evrimi\u00e7i altyap\u0131s\u0131 olan i) OECD Going Digital Ara\u00e7 Seti, ii) Veri Mutfa\u011f\u0131 ve [&hellip;]<\/p>\n","protected":false},"author":5,"featured_media":6585,"comment_status":"closed","ping_status":"","sticky":false,"template":"","format":"standard","meta":{"_jetpack_memberships_contains_paid_content":false,"footnotes":""},"categories":[3],"tags":[],"class_list":["post-8432","post","type-post","status-publish","format-standard","has-post-thumbnail","hentry","category-duyuru"],"jetpack_sharing_enabled":true,"jetpack_featured_media_url":"https:\/\/elazigtso.org.tr\/tr\/wp-content\/uploads\/2023\/11\/logo_news-80.jpg","_links":{"self":[{"href":"https:\/\/elazigtso.org.tr\/tr\/index.php\/wp-json\/wp\/v2\/posts\/8432","targetHints":{"allow":["GET"]}}],"collection":[{"href":"https:\/\/elazigtso.org.tr\/tr\/index.php\/wp-json\/wp\/v2\/posts"}],"about":[{"href":"https:\/\/elazigtso.org.tr\/tr\/index.php\/wp-json\/wp\/v2\/types\/post"}],"author":[{"embeddable":true,"href":"https:\/\/elazigtso.org.tr\/tr\/index.php\/wp-json\/wp\/v2\/users\/5"}],"replies":[{"embeddable":true,"href":"https:\/\/elazigtso.org.tr\/tr\/index.php\/wp-json\/wp\/v2\/comments?post=8432"}],"version-history":[{"count":1,"href":"https:\/\/elazigtso.org.tr\/tr\/index.php\/wp-json\/wp\/v2\/posts\/8432\/revisions"}],"predecessor-version":[{"id":8433,"href":"https:\/\/elazigtso.org.tr\/tr\/index.php\/wp-json\/wp\/v2\/posts\/8432\/revisions\/8433"}],"wp:featuredmedia":[{"embeddable":true,"href":"https:\/\/elazigtso.org.tr\/tr\/index.php\/wp-json\/wp\/v2\/media\/6585"}],"wp:attachment":[{"href":"https:\/\/elazigtso.org.tr\/tr\/index.php\/wp-json\/wp\/v2\/media?parent=8432"}],"wp:term":[{"taxonomy":"category","embeddable":true,"href":"https:\/\/elazigtso.org.tr\/tr\/index.php\/wp-json\/wp\/v2\/categories?post=8432"},{"taxonomy":"post_tag","embeddable":true,"href":"https:\/\/elazigtso.org.tr\/tr\/index.php\/wp-json\/wp\/v2\/tags?post=8432"}],"curies":[{"name":"wp","href":"https:\/\/api.w.org\/{rel}","templated":true}]}}