{"id":8405,"date":"2025-01-28T14:42:23","date_gmt":"2025-01-28T11:42:23","guid":{"rendered":"https:\/\/elazigtso.org.tr\/tr\/?p=8405"},"modified":"2025-02-04T14:45:29","modified_gmt":"2025-02-04T11:45:29","slug":"fas-2025-maliye-kanunu-gumruk-hukumleri","status":"publish","type":"post","link":"https:\/\/elazigtso.org.tr\/tr\/index.php\/2025\/01\/28\/fas-2025-maliye-kanunu-gumruk-hukumleri\/","title":{"rendered":"Fas 2025 Maliye Kanunu &#8211; G\u00fcmr\u00fck H\u00fck\u00fcmleri"},"content":{"rendered":"\n<p>Say\u0131n \u00dcyemiz,<br>TOBB taraf\u0131ndan Odam\u0131za g\u00f6nderilen yaz\u0131ya atfen, Birli\u011fimize iletilen Ticaret Bakanl\u0131\u011f\u0131&#8217;ndan al\u0131nan 22.01.2025 tarihli ve 105372485 say\u0131l\u0131 yaz\u0131s\u0131nda; Ekte bir \u00f6rne\u011fi sunulan ilgi yaz\u0131da, Fas G\u00fcmr\u00fck ve Dolayl\u0131 Vergiler \u0130daresi&#8217;nin 26 Aral\u0131k 2024 tarih ve 6619\/210 say\u0131l\u0131 Genelgesi ile 2025 Finans Kanunu&#8217;nun y\u00fcr\u00fcrl\u00fc\u011fe girmi\u015f oldu\u011fu belirtilmi\u015f olup, ithalat vergilerine ili\u015fkin bilgilerin yer ald\u0131\u011f\u0131 \u00fcr\u00fcnlerin listesi yaz\u0131 ekinde payla\u015f\u0131lm\u0131\u015ft\u0131r.<br>Yaz\u0131da devamla, bahse konu mevzuat\u0131n istisnai uygulamalar\u0131na dair detaylar aktar\u0131lm\u0131\u015f ve yaz\u0131 ekinde iletilen \u00fcr\u00fcn listesinin Fas ile ticaret yapmakta olan \u00fcyelerinize e-postayla duyurulmas\u0131 talep edilmi\u015ftir. Ayr\u0131ca, ilave bilgi i\u00e7in Rabat Ticaret M\u00fc\u015favirli\u011fine (rabat@ticaret.gov.tr) y\u00f6nlendirme yap\u0131lmas\u0131n\u0131n da \u00f6nemli oldu\u011fu belirtilmi\u015ftir.<\/p>\n\n\n\n<p><a href=\"https:\/\/elazigtso.org.tr\/tr\/wp-content\/uploads\/2025\/02\/Fas-2025-Maliye-Kanunu-Gumruk-Hukumleri.pdf\">Ek: Fas 2025 Maliye Kanunu &#8211; G\u00fcmr\u00fck H\u00fck\u00fcmleri<\/a><\/p>\n\n\n\n<p>Sayg\u0131lar\u0131m\u0131zla,<br>Elaz\u0131\u011f Ticaret ve Sanayi Odas\u0131<\/p>\n","protected":false},"excerpt":{"rendered":"<p>Say\u0131n \u00dcyemiz,TOBB taraf\u0131ndan Odam\u0131za g\u00f6nderilen yaz\u0131ya atfen, Birli\u011fimize iletilen Ticaret Bakanl\u0131\u011f\u0131&#8217;ndan al\u0131nan 22.01.2025 tarihli ve 105372485 say\u0131l\u0131 yaz\u0131s\u0131nda; Ekte bir \u00f6rne\u011fi sunulan ilgi yaz\u0131da, Fas G\u00fcmr\u00fck ve Dolayl\u0131 Vergiler \u0130daresi&#8217;nin 26 Aral\u0131k 2024 tarih ve 6619\/210 say\u0131l\u0131 Genelgesi ile 2025 Finans Kanunu&#8217;nun y\u00fcr\u00fcrl\u00fc\u011fe girmi\u015f oldu\u011fu belirtilmi\u015f olup, ithalat vergilerine ili\u015fkin bilgilerin yer ald\u0131\u011f\u0131 \u00fcr\u00fcnlerin listesi [&hellip;]<\/p>\n","protected":false},"author":5,"featured_media":6585,"comment_status":"closed","ping_status":"closed","sticky":false,"template":"","format":"standard","meta":{"_jetpack_memberships_contains_paid_content":false,"footnotes":""},"categories":[3],"tags":[],"class_list":["post-8405","post","type-post","status-publish","format-standard","has-post-thumbnail","hentry","category-duyuru"],"jetpack_sharing_enabled":true,"jetpack_featured_media_url":"https:\/\/elazigtso.org.tr\/tr\/wp-content\/uploads\/2023\/11\/logo_news-80.jpg","_links":{"self":[{"href":"https:\/\/elazigtso.org.tr\/tr\/index.php\/wp-json\/wp\/v2\/posts\/8405","targetHints":{"allow":["GET"]}}],"collection":[{"href":"https:\/\/elazigtso.org.tr\/tr\/index.php\/wp-json\/wp\/v2\/posts"}],"about":[{"href":"https:\/\/elazigtso.org.tr\/tr\/index.php\/wp-json\/wp\/v2\/types\/post"}],"author":[{"embeddable":true,"href":"https:\/\/elazigtso.org.tr\/tr\/index.php\/wp-json\/wp\/v2\/users\/5"}],"replies":[{"embeddable":true,"href":"https:\/\/elazigtso.org.tr\/tr\/index.php\/wp-json\/wp\/v2\/comments?post=8405"}],"version-history":[{"count":1,"href":"https:\/\/elazigtso.org.tr\/tr\/index.php\/wp-json\/wp\/v2\/posts\/8405\/revisions"}],"predecessor-version":[{"id":8407,"href":"https:\/\/elazigtso.org.tr\/tr\/index.php\/wp-json\/wp\/v2\/posts\/8405\/revisions\/8407"}],"wp:featuredmedia":[{"embeddable":true,"href":"https:\/\/elazigtso.org.tr\/tr\/index.php\/wp-json\/wp\/v2\/media\/6585"}],"wp:attachment":[{"href":"https:\/\/elazigtso.org.tr\/tr\/index.php\/wp-json\/wp\/v2\/media?parent=8405"}],"wp:term":[{"taxonomy":"category","embeddable":true,"href":"https:\/\/elazigtso.org.tr\/tr\/index.php\/wp-json\/wp\/v2\/categories?post=8405"},{"taxonomy":"post_tag","embeddable":true,"href":"https:\/\/elazigtso.org.tr\/tr\/index.php\/wp-json\/wp\/v2\/tags?post=8405"}],"curies":[{"name":"wp","href":"https:\/\/api.w.org\/{rel}","templated":true}]}}