{"id":8391,"date":"2025-01-28T13:56:26","date_gmt":"2025-01-28T10:56:26","guid":{"rendered":"https:\/\/elazigtso.org.tr\/tr\/?p=8391"},"modified":"2025-01-28T13:56:30","modified_gmt":"2025-01-28T10:56:30","slug":"almanyanin-2-ocak-2025-tarihi-itibariyle-tir-soforlerimizin-vize-basvurularini-kabul-etmeye-baslamasi","status":"publish","type":"post","link":"https:\/\/elazigtso.org.tr\/tr\/index.php\/2025\/01\/28\/almanyanin-2-ocak-2025-tarihi-itibariyle-tir-soforlerimizin-vize-basvurularini-kabul-etmeye-baslamasi\/","title":{"rendered":"Almanya&#8217;n\u0131n 2 Ocak 2025 tarihi itibariyle TIR \u015fof\u00f6rlerimizin vize ba\u015fvurular\u0131n\u0131 kabul etmeye ba\u015flamas\u0131"},"content":{"rendered":"\n<p>Say\u0131n \u00dcyemiz,<br>TOBB taraf\u0131ndan Odam\u0131za g\u00f6nderilen yaz\u0131ya atfen, Ticaret Bakanl\u0131\u011f\u0131ndan al\u0131nan Almanya&#8217;n\u0131n 2 Ocak 2025 tarihi itibariyle TIR \u015fof\u00f6rlerimizin vize ba\u015fvurular\u0131n\u0131 kabul etmeye ba\u015flamas\u0131 konulu yaz\u0131 ekte taraf\u0131n\u0131za iletilmektedir.<\/p>\n\n\n\n<p><a href=\"https:\/\/elazigtso.org.tr\/tr\/wp-content\/uploads\/2025\/01\/Almanyanin-2-Ocak-2025-tarihi-itibariyle-TIR-soforlerimizin-vize-basvurularini-kabul-etmeye.pdf\">Ek: Almanya&#8217;n\u0131n 2 Ocak 2025 tarihi itibariyle TIR \u015fof\u00f6rlerimizin vize ba\u015fvurular\u0131n\u0131 kabul etmeye<br>ba\u015flamas\u0131<\/a><\/p>\n\n\n\n<p>Sayg\u0131lar\u0131m\u0131zla,<br>Elaz\u0131\u011f Ticaret ve Sanayi Odas\u0131<\/p>\n","protected":false},"excerpt":{"rendered":"<p>Say\u0131n \u00dcyemiz,TOBB taraf\u0131ndan Odam\u0131za g\u00f6nderilen yaz\u0131ya atfen, Ticaret Bakanl\u0131\u011f\u0131ndan al\u0131nan Almanya&#8217;n\u0131n 2 Ocak 2025 tarihi itibariyle TIR \u015fof\u00f6rlerimizin vize ba\u015fvurular\u0131n\u0131 kabul etmeye ba\u015flamas\u0131 konulu yaz\u0131 ekte taraf\u0131n\u0131za iletilmektedir. Ek: Almanya&#8217;n\u0131n 2 Ocak 2025 tarihi itibariyle TIR \u015fof\u00f6rlerimizin vize ba\u015fvurular\u0131n\u0131 kabul etmeyeba\u015flamas\u0131 Sayg\u0131lar\u0131m\u0131zla,Elaz\u0131\u011f Ticaret ve Sanayi Odas\u0131<\/p>\n","protected":false},"author":5,"featured_media":6585,"comment_status":"closed","ping_status":"closed","sticky":false,"template":"","format":"standard","meta":{"_jetpack_memberships_contains_paid_content":false,"footnotes":""},"categories":[3],"tags":[],"class_list":["post-8391","post","type-post","status-publish","format-standard","has-post-thumbnail","hentry","category-duyuru"],"jetpack_sharing_enabled":true,"jetpack_featured_media_url":"https:\/\/elazigtso.org.tr\/tr\/wp-content\/uploads\/2023\/11\/logo_news-80.jpg","_links":{"self":[{"href":"https:\/\/elazigtso.org.tr\/tr\/index.php\/wp-json\/wp\/v2\/posts\/8391","targetHints":{"allow":["GET"]}}],"collection":[{"href":"https:\/\/elazigtso.org.tr\/tr\/index.php\/wp-json\/wp\/v2\/posts"}],"about":[{"href":"https:\/\/elazigtso.org.tr\/tr\/index.php\/wp-json\/wp\/v2\/types\/post"}],"author":[{"embeddable":true,"href":"https:\/\/elazigtso.org.tr\/tr\/index.php\/wp-json\/wp\/v2\/users\/5"}],"replies":[{"embeddable":true,"href":"https:\/\/elazigtso.org.tr\/tr\/index.php\/wp-json\/wp\/v2\/comments?post=8391"}],"version-history":[{"count":1,"href":"https:\/\/elazigtso.org.tr\/tr\/index.php\/wp-json\/wp\/v2\/posts\/8391\/revisions"}],"predecessor-version":[{"id":8393,"href":"https:\/\/elazigtso.org.tr\/tr\/index.php\/wp-json\/wp\/v2\/posts\/8391\/revisions\/8393"}],"wp:featuredmedia":[{"embeddable":true,"href":"https:\/\/elazigtso.org.tr\/tr\/index.php\/wp-json\/wp\/v2\/media\/6585"}],"wp:attachment":[{"href":"https:\/\/elazigtso.org.tr\/tr\/index.php\/wp-json\/wp\/v2\/media?parent=8391"}],"wp:term":[{"taxonomy":"category","embeddable":true,"href":"https:\/\/elazigtso.org.tr\/tr\/index.php\/wp-json\/wp\/v2\/categories?post=8391"},{"taxonomy":"post_tag","embeddable":true,"href":"https:\/\/elazigtso.org.tr\/tr\/index.php\/wp-json\/wp\/v2\/tags?post=8391"}],"curies":[{"name":"wp","href":"https:\/\/api.w.org\/{rel}","templated":true}]}}