{"id":8364,"date":"2025-01-24T14:02:54","date_gmt":"2025-01-24T11:02:54","guid":{"rendered":"https:\/\/elazigtso.org.tr\/tr\/?p=8364"},"modified":"2025-01-27T14:06:45","modified_gmt":"2025-01-27T11:06:45","slug":"richard-janssen-gmbhnin-iflas-islemi","status":"publish","type":"post","link":"https:\/\/elazigtso.org.tr\/tr\/index.php\/2025\/01\/24\/richard-janssen-gmbhnin-iflas-islemi\/","title":{"rendered":"Richard Janssen GmbH&#8217;nin \u0130flas \u0130\u015flemi"},"content":{"rendered":"\n<p>Say\u0131n \u00dcyemiz,<br>TOBB taraf\u0131ndan Odam\u0131za g\u00f6nderilen yaz\u0131ya atfen, Birli\u011fimize iletilen Ticaret Bakanl\u0131\u011f\u0131&#8217;n\u0131n 21.01.2025 tarihli ve 00105316734 say\u0131l\u0131 yaz\u0131s\u0131nda; \u0130lgide kay\u0131tl\u0131 yaz\u0131da, D\u00fcsseldorf Ticaret Ata\u015feli\u011fi&#8217;nden al\u0131nan yaz\u0131ya atfen, Industriestrasse 180, 50999 K\u00f6ln adresinde faaliyet g\u00f6steren, kuru meyve ile kuruyemi\u015f ithalat\u0131 ve pazarlamas\u0131 yapan &#8220;Richard Janssen GmbH&#8221; firmas\u0131na ili\u015fkin olarak, alacaklar\u0131n\u0131 tahsil edemeyen ihracat\u00e7\u0131lar\u0131m\u0131z\u0131n \u015fikayetlerinin e-posta yoluyla Ata\u015feli\u011fimize iletildi\u011fi belirtilerek, sonraki s\u00fcre\u00e7te an\u0131lan \u015firketin iflas s\u00fcrecine girdi\u011finin \u00f6\u011frenildi\u011fi belirtilmektedir.<br>Bu \u00e7er\u00e7evede, ad\u0131 ge\u00e7en Alman \u015firketi ile ticaret yapan veya yapmak isteyen, sekt\u00f6rle ilgili \u00fcyelerinizin eposta ile uyar\u0131lmas\u0131 ve ilave bilgi i\u00e7in ilgili Ata\u015feli\u011fimize (dusseldorf@ticaret.gov.tr) y\u00f6nlendirme yap\u0131lmas\u0131 hususunun \u00f6nem ta\u015f\u0131d\u0131\u011f\u0131 ifade edilmektedir.<\/p>\n\n\n\n<p><a href=\"https:\/\/elazigtso.org.tr\/tr\/wp-content\/uploads\/2025\/01\/Richard-Janssen-GmbHnin-Iflas-Islemi.pdf\">Ek: Richard Janssen GmbH&#8217;nin \u0130flas \u0130\u015flemi<\/a><\/p>\n\n\n\n<p>Sayg\u0131lar\u0131m\u0131zla,<br>Elaz\u0131\u011f Ticaret ve Sanayi Odas\u0131<\/p>\n","protected":false},"excerpt":{"rendered":"<p>Say\u0131n \u00dcyemiz,TOBB taraf\u0131ndan Odam\u0131za g\u00f6nderilen yaz\u0131ya atfen, Birli\u011fimize iletilen Ticaret Bakanl\u0131\u011f\u0131&#8217;n\u0131n 21.01.2025 tarihli ve 00105316734 say\u0131l\u0131 yaz\u0131s\u0131nda; \u0130lgide kay\u0131tl\u0131 yaz\u0131da, D\u00fcsseldorf Ticaret Ata\u015feli\u011fi&#8217;nden al\u0131nan yaz\u0131ya atfen, Industriestrasse 180, 50999 K\u00f6ln adresinde faaliyet g\u00f6steren, kuru meyve ile kuruyemi\u015f ithalat\u0131 ve pazarlamas\u0131 yapan &#8220;Richard Janssen GmbH&#8221; firmas\u0131na ili\u015fkin olarak, alacaklar\u0131n\u0131 tahsil edemeyen ihracat\u00e7\u0131lar\u0131m\u0131z\u0131n \u015fikayetlerinin e-posta yoluyla Ata\u015feli\u011fimize [&hellip;]<\/p>\n","protected":false},"author":5,"featured_media":6585,"comment_status":"closed","ping_status":"closed","sticky":false,"template":"","format":"standard","meta":{"_jetpack_memberships_contains_paid_content":false,"footnotes":""},"categories":[3],"tags":[],"class_list":["post-8364","post","type-post","status-publish","format-standard","has-post-thumbnail","hentry","category-duyuru"],"jetpack_sharing_enabled":true,"jetpack_featured_media_url":"https:\/\/elazigtso.org.tr\/tr\/wp-content\/uploads\/2023\/11\/logo_news-80.jpg","_links":{"self":[{"href":"https:\/\/elazigtso.org.tr\/tr\/index.php\/wp-json\/wp\/v2\/posts\/8364","targetHints":{"allow":["GET"]}}],"collection":[{"href":"https:\/\/elazigtso.org.tr\/tr\/index.php\/wp-json\/wp\/v2\/posts"}],"about":[{"href":"https:\/\/elazigtso.org.tr\/tr\/index.php\/wp-json\/wp\/v2\/types\/post"}],"author":[{"embeddable":true,"href":"https:\/\/elazigtso.org.tr\/tr\/index.php\/wp-json\/wp\/v2\/users\/5"}],"replies":[{"embeddable":true,"href":"https:\/\/elazigtso.org.tr\/tr\/index.php\/wp-json\/wp\/v2\/comments?post=8364"}],"version-history":[{"count":1,"href":"https:\/\/elazigtso.org.tr\/tr\/index.php\/wp-json\/wp\/v2\/posts\/8364\/revisions"}],"predecessor-version":[{"id":8366,"href":"https:\/\/elazigtso.org.tr\/tr\/index.php\/wp-json\/wp\/v2\/posts\/8364\/revisions\/8366"}],"wp:featuredmedia":[{"embeddable":true,"href":"https:\/\/elazigtso.org.tr\/tr\/index.php\/wp-json\/wp\/v2\/media\/6585"}],"wp:attachment":[{"href":"https:\/\/elazigtso.org.tr\/tr\/index.php\/wp-json\/wp\/v2\/media?parent=8364"}],"wp:term":[{"taxonomy":"category","embeddable":true,"href":"https:\/\/elazigtso.org.tr\/tr\/index.php\/wp-json\/wp\/v2\/categories?post=8364"},{"taxonomy":"post_tag","embeddable":true,"href":"https:\/\/elazigtso.org.tr\/tr\/index.php\/wp-json\/wp\/v2\/tags?post=8364"}],"curies":[{"name":"wp","href":"https:\/\/api.w.org\/{rel}","templated":true}]}}