{"id":8328,"date":"2024-12-31T16:47:30","date_gmt":"2024-12-31T13:47:30","guid":{"rendered":"https:\/\/elazigtso.org.tr\/tr\/?p=8328"},"modified":"2025-01-13T16:51:13","modified_gmt":"2025-01-13T13:51:13","slug":"odeme-talebi","status":"publish","type":"post","link":"https:\/\/elazigtso.org.tr\/tr\/index.php\/2024\/12\/31\/odeme-talebi\/","title":{"rendered":"\u00d6deme Talebi"},"content":{"rendered":"\n<p>Say\u0131n \u00dcyemiz,<br>TOBB taraf\u0131ndan Odam\u0131za g\u00f6nderilen yaz\u0131ya atfen, Bir \u00f6rne\u011fi ekte yer alan K\u00fc\u00e7\u00fck ve Orta \u00d6l\u00e7ekli \u0130\u015fletmeleri Geli\u015ftirme ve Destekleme \u0130daresi Ba\u015fkanl\u0131\u011f\u0131&#8217;n\u0131n (KOSGEB) yaz\u0131s\u0131 ile, y\u00fcr\u00fcrl\u00fckten kald\u0131r\u0131lm\u0131\u015f olan \u0130\u015fletme Geli\u015ftirme Destek Program\u0131 kapsam\u0131nda 31.12.2024 tarihine kadar (bu tarih d\u00e2hil) olan i\u015fletmelerden \u00f6deme talebi al\u0131nmas\u0131n\u0131n karara ba\u011fland\u0131\u011f\u0131 ve bu do\u011frultuda 2024 y\u0131l\u0131nda ger\u00e7ekle\u015ftirilen fuarlara ili\u015fkin faturalar\u0131n\u0131n 31.12.2024 tarihinden \u00f6nce olmas\u0131 gerekti\u011fi ve fuarlara ili\u015fkin sonu\u00e7 raporlar\u0131n\u0131n ivedilikle sisteme girilmesi gerekti\u011fi bildirilmektedir.<\/p>\n\n\n\n<p><a href=\"https:\/\/elazigtso.org.tr\/tr\/wp-content\/uploads\/2025\/01\/odeme-talebi.pdf\">Ek: \u00f6deme talebi<\/a><\/p>\n\n\n\n<p>Sayg\u0131lar\u0131m\u0131zla,<br>Elaz\u0131\u011f Ticaret ve Sanayi Odas\u0131<\/p>\n","protected":false},"excerpt":{"rendered":"<p>Say\u0131n \u00dcyemiz,TOBB taraf\u0131ndan Odam\u0131za g\u00f6nderilen yaz\u0131ya atfen, Bir \u00f6rne\u011fi ekte yer alan K\u00fc\u00e7\u00fck ve Orta \u00d6l\u00e7ekli \u0130\u015fletmeleri Geli\u015ftirme ve Destekleme \u0130daresi Ba\u015fkanl\u0131\u011f\u0131&#8217;n\u0131n (KOSGEB) yaz\u0131s\u0131 ile, y\u00fcr\u00fcrl\u00fckten kald\u0131r\u0131lm\u0131\u015f olan \u0130\u015fletme Geli\u015ftirme Destek Program\u0131 kapsam\u0131nda 31.12.2024 tarihine kadar (bu tarih d\u00e2hil) olan i\u015fletmelerden \u00f6deme talebi al\u0131nmas\u0131n\u0131n karara ba\u011fland\u0131\u011f\u0131 ve bu do\u011frultuda 2024 y\u0131l\u0131nda ger\u00e7ekle\u015ftirilen fuarlara ili\u015fkin faturalar\u0131n\u0131n [&hellip;]<\/p>\n","protected":false},"author":5,"featured_media":6585,"comment_status":"closed","ping_status":"closed","sticky":false,"template":"","format":"standard","meta":{"_jetpack_memberships_contains_paid_content":false,"footnotes":""},"categories":[3],"tags":[],"class_list":["post-8328","post","type-post","status-publish","format-standard","has-post-thumbnail","hentry","category-duyuru"],"jetpack_sharing_enabled":true,"jetpack_featured_media_url":"https:\/\/elazigtso.org.tr\/tr\/wp-content\/uploads\/2023\/11\/logo_news-80.jpg","_links":{"self":[{"href":"https:\/\/elazigtso.org.tr\/tr\/index.php\/wp-json\/wp\/v2\/posts\/8328","targetHints":{"allow":["GET"]}}],"collection":[{"href":"https:\/\/elazigtso.org.tr\/tr\/index.php\/wp-json\/wp\/v2\/posts"}],"about":[{"href":"https:\/\/elazigtso.org.tr\/tr\/index.php\/wp-json\/wp\/v2\/types\/post"}],"author":[{"embeddable":true,"href":"https:\/\/elazigtso.org.tr\/tr\/index.php\/wp-json\/wp\/v2\/users\/5"}],"replies":[{"embeddable":true,"href":"https:\/\/elazigtso.org.tr\/tr\/index.php\/wp-json\/wp\/v2\/comments?post=8328"}],"version-history":[{"count":1,"href":"https:\/\/elazigtso.org.tr\/tr\/index.php\/wp-json\/wp\/v2\/posts\/8328\/revisions"}],"predecessor-version":[{"id":8330,"href":"https:\/\/elazigtso.org.tr\/tr\/index.php\/wp-json\/wp\/v2\/posts\/8328\/revisions\/8330"}],"wp:featuredmedia":[{"embeddable":true,"href":"https:\/\/elazigtso.org.tr\/tr\/index.php\/wp-json\/wp\/v2\/media\/6585"}],"wp:attachment":[{"href":"https:\/\/elazigtso.org.tr\/tr\/index.php\/wp-json\/wp\/v2\/media?parent=8328"}],"wp:term":[{"taxonomy":"category","embeddable":true,"href":"https:\/\/elazigtso.org.tr\/tr\/index.php\/wp-json\/wp\/v2\/categories?post=8328"},{"taxonomy":"post_tag","embeddable":true,"href":"https:\/\/elazigtso.org.tr\/tr\/index.php\/wp-json\/wp\/v2\/tags?post=8328"}],"curies":[{"name":"wp","href":"https:\/\/api.w.org\/{rel}","templated":true}]}}