{"id":8322,"date":"2024-12-31T16:23:13","date_gmt":"2024-12-31T13:23:13","guid":{"rendered":"https:\/\/elazigtso.org.tr\/tr\/?p=8322"},"modified":"2025-01-13T16:43:39","modified_gmt":"2025-01-13T13:43:39","slug":"fas-demir-celik-standartlari-2","status":"publish","type":"post","link":"https:\/\/elazigtso.org.tr\/tr\/index.php\/2024\/12\/31\/fas-demir-celik-standartlari-2\/","title":{"rendered":"Fas \/ Demir-\u00c7elik Standartlar\u0131"},"content":{"rendered":"\n<p>Say\u0131n \u00dcyemiz,<br>TOBB taraf\u0131ndan Odam\u0131za g\u00f6nderilen yaz\u0131ya atfen, Birli\u011fimize iletilen a) 09.12.2024 tarihli ve 13444 say\u0131l\u0131 yaz\u0131m\u0131z. b) Ticaret Bakanl\u0131\u011f\u0131&#8217;ndan al\u0131nan 19.12.2024 tarihli ve 104119037 say\u0131l\u0131 yaz\u0131s\u0131nda; \u0130lgi (a)&#8217;da kay\u0131tl\u0131 yaz\u0131m\u0131zda, demir \u00e7elik \u00fcr\u00fcnlerinin standartlar\u0131 ile ilgili Fas taraf\u0131ndan yay\u0131mlanan mevzuat ve mevzuat\u0131n uygulamas\u0131na dair bilgi verilmi\u015fti.<br>Ekte bir \u00f6rne\u011fi sunulan ilgi (b)&#8217;de kay\u0131tl\u0131 yaz\u0131da ise, Rabat Ticaret M\u00fc\u015favirli\u011finden al\u0131nan bir yaz\u0131ya atfen, firmalar\u0131m\u0131z\u0131n demir-\u00e7elik \u00fcr\u00fcnlerine (yass\u0131 ve uzun \u00e7elik gruplar\u0131 ile sandvi\u00e7 panellere) ili\u015fkin Fas taraf\u0131ndan y\u00fcr\u00fcrl\u00fc\u011fe koyulan 16 adet yeni standard\u0131n uygulamas\u0131n\u0131n, yaz\u0131da detaylar\u0131 iletildi\u011fi \u015fekliyle ger\u00e7ekle\u015ftirilmesi gerekti\u011fi belirtilmi\u015ftir.<\/p>\n\n\n\n<p><a href=\"https:\/\/elazigtso.org.tr\/tr\/wp-content\/uploads\/2025\/01\/Fas-Demir-Celik-Standartlari.pdf\">Ek: Fas \/ Demir-\u00c7elik Standartlar\u0131<\/a><\/p>\n\n\n\n<p>Sayg\u0131lar\u0131m\u0131zla,<br>Elaz\u0131\u011f Ticaret ve Sanayi Odas\u0131<\/p>\n","protected":false},"excerpt":{"rendered":"<p>Say\u0131n \u00dcyemiz,TOBB taraf\u0131ndan Odam\u0131za g\u00f6nderilen yaz\u0131ya atfen, Birli\u011fimize iletilen a) 09.12.2024 tarihli ve 13444 say\u0131l\u0131 yaz\u0131m\u0131z. b) Ticaret Bakanl\u0131\u011f\u0131&#8217;ndan al\u0131nan 19.12.2024 tarihli ve 104119037 say\u0131l\u0131 yaz\u0131s\u0131nda; \u0130lgi (a)&#8217;da kay\u0131tl\u0131 yaz\u0131m\u0131zda, demir \u00e7elik \u00fcr\u00fcnlerinin standartlar\u0131 ile ilgili Fas taraf\u0131ndan yay\u0131mlanan mevzuat ve mevzuat\u0131n uygulamas\u0131na dair bilgi verilmi\u015fti.Ekte bir \u00f6rne\u011fi sunulan ilgi (b)&#8217;de kay\u0131tl\u0131 yaz\u0131da ise, Rabat [&hellip;]<\/p>\n","protected":false},"author":5,"featured_media":6585,"comment_status":"closed","ping_status":"closed","sticky":false,"template":"","format":"standard","meta":{"_jetpack_memberships_contains_paid_content":false,"footnotes":""},"categories":[3],"tags":[],"class_list":["post-8322","post","type-post","status-publish","format-standard","has-post-thumbnail","hentry","category-duyuru"],"jetpack_sharing_enabled":true,"jetpack_featured_media_url":"https:\/\/elazigtso.org.tr\/tr\/wp-content\/uploads\/2023\/11\/logo_news-80.jpg","_links":{"self":[{"href":"https:\/\/elazigtso.org.tr\/tr\/index.php\/wp-json\/wp\/v2\/posts\/8322","targetHints":{"allow":["GET"]}}],"collection":[{"href":"https:\/\/elazigtso.org.tr\/tr\/index.php\/wp-json\/wp\/v2\/posts"}],"about":[{"href":"https:\/\/elazigtso.org.tr\/tr\/index.php\/wp-json\/wp\/v2\/types\/post"}],"author":[{"embeddable":true,"href":"https:\/\/elazigtso.org.tr\/tr\/index.php\/wp-json\/wp\/v2\/users\/5"}],"replies":[{"embeddable":true,"href":"https:\/\/elazigtso.org.tr\/tr\/index.php\/wp-json\/wp\/v2\/comments?post=8322"}],"version-history":[{"count":1,"href":"https:\/\/elazigtso.org.tr\/tr\/index.php\/wp-json\/wp\/v2\/posts\/8322\/revisions"}],"predecessor-version":[{"id":8324,"href":"https:\/\/elazigtso.org.tr\/tr\/index.php\/wp-json\/wp\/v2\/posts\/8322\/revisions\/8324"}],"wp:featuredmedia":[{"embeddable":true,"href":"https:\/\/elazigtso.org.tr\/tr\/index.php\/wp-json\/wp\/v2\/media\/6585"}],"wp:attachment":[{"href":"https:\/\/elazigtso.org.tr\/tr\/index.php\/wp-json\/wp\/v2\/media?parent=8322"}],"wp:term":[{"taxonomy":"category","embeddable":true,"href":"https:\/\/elazigtso.org.tr\/tr\/index.php\/wp-json\/wp\/v2\/categories?post=8322"},{"taxonomy":"post_tag","embeddable":true,"href":"https:\/\/elazigtso.org.tr\/tr\/index.php\/wp-json\/wp\/v2\/tags?post=8322"}],"curies":[{"name":"wp","href":"https:\/\/api.w.org\/{rel}","templated":true}]}}