{"id":8303,"date":"2025-01-02T15:37:31","date_gmt":"2025-01-02T12:37:31","guid":{"rendered":"https:\/\/elazigtso.org.tr\/tr\/?p=8303"},"modified":"2025-01-13T15:39:32","modified_gmt":"2025-01-13T12:39:32","slug":"almanya-fuar-sahiplerine-randevusuz-vize-islemi","status":"publish","type":"post","link":"https:\/\/elazigtso.org.tr\/tr\/index.php\/2025\/01\/02\/almanya-fuar-sahiplerine-randevusuz-vize-islemi\/","title":{"rendered":"Almanya &#8211; Fuar Sahiplerine Randevusuz Vize \u0130\u015flemi"},"content":{"rendered":"\n<p>Say\u0131n \u00dcyemiz,<br>TOBB taraf\u0131ndan Odam\u0131za g\u00f6nderilen yaz\u0131ya atfen, Birli\u011fimize iletilen Ticaret Bakanl\u0131\u011f\u0131&#8217;n\u0131n 25.12.2024 tarihli ve 00104259504 say\u0131l\u0131 yaz\u0131s\u0131nda; Ticaret Bakanl\u0131\u011f\u0131&#8217;ndan al\u0131nan ilgide kay\u0131tl\u0131 yaz\u0131da, Almanya&#8217;n\u0131n Ankara B\u00fcy\u00fckel\u00e7ili\u011finden edinilen bilgiye atfen, Almanya&#8217;da d\u00fczenlenecek fuarlarda mal te\u015fhir eden fuar kat\u0131l\u0131mc\u0131lar\u0131n\u0131n (yaln\u0131zca ge\u00e7erli bir kat\u0131l\u0131mc\u0131 kimlik kart\u0131 ile) \u00fclkemiz i\u015f insanlar\u0131n\u0131n \u00f6nceden vize randevusu alma zorunlulu\u011fundan muaf olduklar\u0131 ve bu nedenle harici hizmet sa\u011flay\u0131c\u0131s\u0131 iDATA&#8217;n\u0131n mahalli olarak yetkili vize kabul merkezine normal \u00e7al\u0131\u015fma saatleri i\u00e7erisinde randevu almadan Schengen vizesi i\u00e7in ba\u015fvuruda bulunabilecekleri iletilmektedir.<br>Yaz\u0131da devamla, s\u00f6z konusu randevusuz ba\u015fvurunun yap\u0131labilmesi i\u00e7in gerekli ko\u015fullar\u0131n belgeleri ile kan\u0131tlanmas\u0131 gerekti\u011fi, aksi takdirde randevu al\u0131nmas\u0131 gerekece\u011fi ifade edilmektedir.<br>Bahse konu d\u00fczenlemeye ili\u015fkin detaylara, Almanya&#8217;n\u0131n Ankara B\u00fcy\u00fckel\u00e7ili\u011finin web sayfas\u0131nda<br><a href=\"https:\/\/tuerkei.diplo.de\/tr-tr\/service\/05-visaeinreise\/1514562-1514562\">https:\/\/tuerkei.diplo.de\/tr-tr\/service\/05-visaeinreise\/1514562-1514562<\/a> linkinden eri\u015fim sa\u011flanabildi\u011fi<br>belirtilmektedir.<\/p>\n\n\n\n<p>Sayg\u0131lar\u0131m\u0131zla,<br>Elaz\u0131\u011f Ticaret ve Sanayi Odas\u0131<\/p>\n","protected":false},"excerpt":{"rendered":"<p>Say\u0131n \u00dcyemiz,TOBB taraf\u0131ndan Odam\u0131za g\u00f6nderilen yaz\u0131ya atfen, Birli\u011fimize iletilen Ticaret Bakanl\u0131\u011f\u0131&#8217;n\u0131n 25.12.2024 tarihli ve 00104259504 say\u0131l\u0131 yaz\u0131s\u0131nda; Ticaret Bakanl\u0131\u011f\u0131&#8217;ndan al\u0131nan ilgide kay\u0131tl\u0131 yaz\u0131da, Almanya&#8217;n\u0131n Ankara B\u00fcy\u00fckel\u00e7ili\u011finden edinilen bilgiye atfen, Almanya&#8217;da d\u00fczenlenecek fuarlarda mal te\u015fhir eden fuar kat\u0131l\u0131mc\u0131lar\u0131n\u0131n (yaln\u0131zca ge\u00e7erli bir kat\u0131l\u0131mc\u0131 kimlik kart\u0131 ile) \u00fclkemiz i\u015f insanlar\u0131n\u0131n \u00f6nceden vize randevusu alma zorunlulu\u011fundan muaf olduklar\u0131 ve [&hellip;]<\/p>\n","protected":false},"author":5,"featured_media":6585,"comment_status":"closed","ping_status":"closed","sticky":false,"template":"","format":"standard","meta":{"_jetpack_memberships_contains_paid_content":false,"footnotes":""},"categories":[3],"tags":[],"class_list":["post-8303","post","type-post","status-publish","format-standard","has-post-thumbnail","hentry","category-duyuru"],"jetpack_sharing_enabled":true,"jetpack_featured_media_url":"https:\/\/elazigtso.org.tr\/tr\/wp-content\/uploads\/2023\/11\/logo_news-80.jpg","_links":{"self":[{"href":"https:\/\/elazigtso.org.tr\/tr\/index.php\/wp-json\/wp\/v2\/posts\/8303","targetHints":{"allow":["GET"]}}],"collection":[{"href":"https:\/\/elazigtso.org.tr\/tr\/index.php\/wp-json\/wp\/v2\/posts"}],"about":[{"href":"https:\/\/elazigtso.org.tr\/tr\/index.php\/wp-json\/wp\/v2\/types\/post"}],"author":[{"embeddable":true,"href":"https:\/\/elazigtso.org.tr\/tr\/index.php\/wp-json\/wp\/v2\/users\/5"}],"replies":[{"embeddable":true,"href":"https:\/\/elazigtso.org.tr\/tr\/index.php\/wp-json\/wp\/v2\/comments?post=8303"}],"version-history":[{"count":1,"href":"https:\/\/elazigtso.org.tr\/tr\/index.php\/wp-json\/wp\/v2\/posts\/8303\/revisions"}],"predecessor-version":[{"id":8304,"href":"https:\/\/elazigtso.org.tr\/tr\/index.php\/wp-json\/wp\/v2\/posts\/8303\/revisions\/8304"}],"wp:featuredmedia":[{"embeddable":true,"href":"https:\/\/elazigtso.org.tr\/tr\/index.php\/wp-json\/wp\/v2\/media\/6585"}],"wp:attachment":[{"href":"https:\/\/elazigtso.org.tr\/tr\/index.php\/wp-json\/wp\/v2\/media?parent=8303"}],"wp:term":[{"taxonomy":"category","embeddable":true,"href":"https:\/\/elazigtso.org.tr\/tr\/index.php\/wp-json\/wp\/v2\/categories?post=8303"},{"taxonomy":"post_tag","embeddable":true,"href":"https:\/\/elazigtso.org.tr\/tr\/index.php\/wp-json\/wp\/v2\/tags?post=8303"}],"curies":[{"name":"wp","href":"https:\/\/api.w.org\/{rel}","templated":true}]}}