{"id":8301,"date":"2025-01-02T15:32:58","date_gmt":"2025-01-02T12:32:58","guid":{"rendered":"https:\/\/elazigtso.org.tr\/tr\/?p=8301"},"modified":"2025-01-13T15:36:54","modified_gmt":"2025-01-13T12:36:54","slug":"ebso-yurtdisi-is-gezileri","status":"publish","type":"post","link":"https:\/\/elazigtso.org.tr\/tr\/index.php\/2025\/01\/02\/ebso-yurtdisi-is-gezileri\/","title":{"rendered":"EBSO Yurtd\u0131\u015f\u0131 \u0130\u015f Gezileri"},"content":{"rendered":"\n<p>Say\u0131n \u00dcyemiz,<br>TOBB taraf\u0131ndan Odam\u0131za g\u00f6nderilen yaz\u0131ya atfen, Ege B\u00f6lgesi Sanayi Odas\u0131&#8217;ndan al\u0131nan ekte bir \u00f6rne\u011fi olan yaz\u0131da \u00f6n\u00fcm\u00fczdeki aylarda iki yurt d\u0131\u015f\u0131 i\u015f seyahatinin d\u00fczenlenmesinin planland\u0131\u011f\u0131 ifade edilmektedir.<br>Yaz\u0131da s\u00f6z konusu Odan\u0131n &#8220;Tar\u0131m ve Metal \u0130\u015fleme Makinalar\u0131 Sanayi Meslek Komitesi&#8221;nin 30 Mart &#8211; <strong>3 Nisan 2025 tarihlerinde Almanya&#8217;n\u0131n Hannover kentinde d\u00fczenlenecek &#8220;Hannover Messe<\/strong> <strong>Uluslararas\u0131 End\u00fcstri Fuar\u0131&#8221;na<\/strong> y\u00f6nelik bir i\u015f seyahati d\u00fczenlemesi, &#8220;Bitkisel \u00dcr\u00fcnler ve \u0130\u00e7ecek Sanayi Meslek Komitesi&#8221;nin ise <strong>15 &#8211; 20 \u015eubat 2025 tarihlerinde Birle\u015fik Arap Emirlikleri Dubai kentinde ger\u00e7ekle\u015ftirilecek &#8220;Gulfood Uluslararas\u0131 G\u0131da ve G\u0131da Teknolojileri Fuar\u0131&#8221;na<\/strong> y\u00f6nelik i\u015f seyahati kararlar\u0131 ald\u0131klar\u0131 ifade edilirken, an\u0131lan seyahatlere ili\u015fkin detaylar ve ba\u015fvuru hakk\u0131nda bilgiler ekte yer almaktad\u0131r.<br>Ticari i\u015f birliklerini art\u0131rman\u0131n yan\u0131 s\u0131ra \u00fcyelerimizin k\u00fcresel pazarlardaki etkinli\u011fini ve g\u00f6r\u00fcn\u00fcrl\u00fc\u011f\u00fcn\u00fc art\u0131rma a\u00e7\u0131s\u0131ndan da \u00f6nemli bir rol oynayan bu etkinliklere kat\u0131l\u0131m \u00f6nem arz etmektedir.<\/p>\n\n\n\n<p><a href=\"https:\/\/elazigtso.org.tr\/tr\/wp-content\/uploads\/2025\/01\/EBSO-Yurtdisi-Is-Gezileri.pdf\">Ek: EBSO Yurtd\u0131\u015f\u0131 \u0130\u015f Gezileri<\/a><\/p>\n\n\n\n<p>Sayg\u0131lar\u0131m\u0131zla,<br>Elaz\u0131\u011f Ticaret ve Sanayi Odas\u0131<\/p>\n","protected":false},"excerpt":{"rendered":"<p>Say\u0131n \u00dcyemiz,TOBB taraf\u0131ndan Odam\u0131za g\u00f6nderilen yaz\u0131ya atfen, Ege B\u00f6lgesi Sanayi Odas\u0131&#8217;ndan al\u0131nan ekte bir \u00f6rne\u011fi olan yaz\u0131da \u00f6n\u00fcm\u00fczdeki aylarda iki yurt d\u0131\u015f\u0131 i\u015f seyahatinin d\u00fczenlenmesinin planland\u0131\u011f\u0131 ifade edilmektedir.Yaz\u0131da s\u00f6z konusu Odan\u0131n &#8220;Tar\u0131m ve Metal \u0130\u015fleme Makinalar\u0131 Sanayi Meslek Komitesi&#8221;nin 30 Mart &#8211; 3 Nisan 2025 tarihlerinde Almanya&#8217;n\u0131n Hannover kentinde d\u00fczenlenecek &#8220;Hannover Messe Uluslararas\u0131 End\u00fcstri Fuar\u0131&#8221;na [&hellip;]<\/p>\n","protected":false},"author":5,"featured_media":6585,"comment_status":"closed","ping_status":"closed","sticky":false,"template":"","format":"standard","meta":{"_jetpack_memberships_contains_paid_content":false,"footnotes":""},"categories":[3],"tags":[],"class_list":["post-8301","post","type-post","status-publish","format-standard","has-post-thumbnail","hentry","category-duyuru"],"jetpack_sharing_enabled":true,"jetpack_featured_media_url":"https:\/\/elazigtso.org.tr\/tr\/wp-content\/uploads\/2023\/11\/logo_news-80.jpg","_links":{"self":[{"href":"https:\/\/elazigtso.org.tr\/tr\/index.php\/wp-json\/wp\/v2\/posts\/8301","targetHints":{"allow":["GET"]}}],"collection":[{"href":"https:\/\/elazigtso.org.tr\/tr\/index.php\/wp-json\/wp\/v2\/posts"}],"about":[{"href":"https:\/\/elazigtso.org.tr\/tr\/index.php\/wp-json\/wp\/v2\/types\/post"}],"author":[{"embeddable":true,"href":"https:\/\/elazigtso.org.tr\/tr\/index.php\/wp-json\/wp\/v2\/users\/5"}],"replies":[{"embeddable":true,"href":"https:\/\/elazigtso.org.tr\/tr\/index.php\/wp-json\/wp\/v2\/comments?post=8301"}],"version-history":[{"count":1,"href":"https:\/\/elazigtso.org.tr\/tr\/index.php\/wp-json\/wp\/v2\/posts\/8301\/revisions"}],"predecessor-version":[{"id":8302,"href":"https:\/\/elazigtso.org.tr\/tr\/index.php\/wp-json\/wp\/v2\/posts\/8301\/revisions\/8302"}],"wp:featuredmedia":[{"embeddable":true,"href":"https:\/\/elazigtso.org.tr\/tr\/index.php\/wp-json\/wp\/v2\/media\/6585"}],"wp:attachment":[{"href":"https:\/\/elazigtso.org.tr\/tr\/index.php\/wp-json\/wp\/v2\/media?parent=8301"}],"wp:term":[{"taxonomy":"category","embeddable":true,"href":"https:\/\/elazigtso.org.tr\/tr\/index.php\/wp-json\/wp\/v2\/categories?post=8301"},{"taxonomy":"post_tag","embeddable":true,"href":"https:\/\/elazigtso.org.tr\/tr\/index.php\/wp-json\/wp\/v2\/tags?post=8301"}],"curies":[{"name":"wp","href":"https:\/\/api.w.org\/{rel}","templated":true}]}}