{"id":8239,"date":"2024-12-27T14:26:06","date_gmt":"2024-12-27T11:26:06","guid":{"rendered":"https:\/\/elazigtso.org.tr\/tr\/?p=8239"},"modified":"2024-12-31T14:30:00","modified_gmt":"2024-12-31T11:30:00","slug":"made-in-moldova-fuari-29-ocak-2-subat-2025-kisinev","status":"publish","type":"post","link":"https:\/\/elazigtso.org.tr\/tr\/index.php\/2024\/12\/27\/made-in-moldova-fuari-29-ocak-2-subat-2025-kisinev\/","title":{"rendered":"&#8220;Made in Moldova&#8221; Fuar\u0131 \/ 29 Ocak &#8211; 2 \u015eubat 2025, Ki\u015finev"},"content":{"rendered":"\n<p>Say\u0131n \u00dcyemiz,<br>TOBB taraf\u0131ndan Odam\u0131za g\u00f6nderilen yaz\u0131ya atfen, Birli\u011fimize iletilen Moldova Cumhuriyeti T\u00fcrkiye Cumhuriyeti B\u00fcy\u00fckel\u00e7ili\u011fi&#8217;nin 23.12.2024 tarih ve TUR\/231\/1396 say\u0131l\u0131 yaz\u0131s\u0131nda; \u0130lgide kay\u0131tl\u0131 yaz\u0131da, 29 Ocak &#8211; 2 \u015eubat 2025 tarihleri aras\u0131nda Moldova Cumhuriyeti&#8217;nin ba\u015fkenti Ki\u015finev&#8217;deki<br>uluslararas\u0131 fuar merkezi &#8220;Moldexpo&#8221; tesislerinde 22. Uluslararas\u0131 &#8220;Made in Moldova&#8221; Fuar\u0131&#8217;n\u0131n d\u00fczenlenece\u011fi bildirilmekte ve s\u00f6z konusu fuara ili\u015fkin detayl\u0131 bilgi i\u00e7in Moldova Ticaret ve Sanayi Odas\u0131 (<em>viorica.cazacu@chamber.md<\/em>) ile irtibata ge\u00e7ilebilece\u011fi iletilmektedir.<\/p>\n\n\n\n<p>Sayg\u0131lar\u0131m\u0131zla,<br>Elaz\u0131\u011f Ticaret ve Sanayi Odas\u0131<\/p>\n","protected":false},"excerpt":{"rendered":"<p>Say\u0131n \u00dcyemiz,TOBB taraf\u0131ndan Odam\u0131za g\u00f6nderilen yaz\u0131ya atfen, Birli\u011fimize iletilen Moldova Cumhuriyeti T\u00fcrkiye Cumhuriyeti B\u00fcy\u00fckel\u00e7ili\u011fi&#8217;nin 23.12.2024 tarih ve TUR\/231\/1396 say\u0131l\u0131 yaz\u0131s\u0131nda; \u0130lgide kay\u0131tl\u0131 yaz\u0131da, 29 Ocak &#8211; 2 \u015eubat 2025 tarihleri aras\u0131nda Moldova Cumhuriyeti&#8217;nin ba\u015fkenti Ki\u015finev&#8217;dekiuluslararas\u0131 fuar merkezi &#8220;Moldexpo&#8221; tesislerinde 22. Uluslararas\u0131 &#8220;Made in Moldova&#8221; Fuar\u0131&#8217;n\u0131n d\u00fczenlenece\u011fi bildirilmekte ve s\u00f6z konusu fuara ili\u015fkin detayl\u0131 bilgi i\u00e7in [&hellip;]<\/p>\n","protected":false},"author":5,"featured_media":6585,"comment_status":"closed","ping_status":"closed","sticky":false,"template":"","format":"standard","meta":{"_jetpack_memberships_contains_paid_content":false,"footnotes":""},"categories":[3],"tags":[],"class_list":["post-8239","post","type-post","status-publish","format-standard","has-post-thumbnail","hentry","category-duyuru"],"jetpack_sharing_enabled":true,"jetpack_featured_media_url":"https:\/\/elazigtso.org.tr\/tr\/wp-content\/uploads\/2023\/11\/logo_news-80.jpg","_links":{"self":[{"href":"https:\/\/elazigtso.org.tr\/tr\/index.php\/wp-json\/wp\/v2\/posts\/8239","targetHints":{"allow":["GET"]}}],"collection":[{"href":"https:\/\/elazigtso.org.tr\/tr\/index.php\/wp-json\/wp\/v2\/posts"}],"about":[{"href":"https:\/\/elazigtso.org.tr\/tr\/index.php\/wp-json\/wp\/v2\/types\/post"}],"author":[{"embeddable":true,"href":"https:\/\/elazigtso.org.tr\/tr\/index.php\/wp-json\/wp\/v2\/users\/5"}],"replies":[{"embeddable":true,"href":"https:\/\/elazigtso.org.tr\/tr\/index.php\/wp-json\/wp\/v2\/comments?post=8239"}],"version-history":[{"count":1,"href":"https:\/\/elazigtso.org.tr\/tr\/index.php\/wp-json\/wp\/v2\/posts\/8239\/revisions"}],"predecessor-version":[{"id":8240,"href":"https:\/\/elazigtso.org.tr\/tr\/index.php\/wp-json\/wp\/v2\/posts\/8239\/revisions\/8240"}],"wp:featuredmedia":[{"embeddable":true,"href":"https:\/\/elazigtso.org.tr\/tr\/index.php\/wp-json\/wp\/v2\/media\/6585"}],"wp:attachment":[{"href":"https:\/\/elazigtso.org.tr\/tr\/index.php\/wp-json\/wp\/v2\/media?parent=8239"}],"wp:term":[{"taxonomy":"category","embeddable":true,"href":"https:\/\/elazigtso.org.tr\/tr\/index.php\/wp-json\/wp\/v2\/categories?post=8239"},{"taxonomy":"post_tag","embeddable":true,"href":"https:\/\/elazigtso.org.tr\/tr\/index.php\/wp-json\/wp\/v2\/tags?post=8239"}],"curies":[{"name":"wp","href":"https:\/\/api.w.org\/{rel}","templated":true}]}}