{"id":6981,"date":"2024-01-31T14:50:16","date_gmt":"2024-01-31T11:50:16","guid":{"rendered":"https:\/\/elazigtso.org.tr\/tr\/?p=6981"},"modified":"2024-02-13T14:59:36","modified_gmt":"2024-02-13T11:59:36","slug":"bahreyn-kralliginin-birinci-helal-sanayi-forumu-ve-sergisi-bahreyn-helal-expo-2024","status":"publish","type":"post","link":"https:\/\/elazigtso.org.tr\/tr\/index.php\/2024\/01\/31\/bahreyn-kralliginin-birinci-helal-sanayi-forumu-ve-sergisi-bahreyn-helal-expo-2024\/","title":{"rendered":"Bahreyn Krall\u0131\u011f\u0131&#8217;n\u0131n Birinci Helal Sanayi Forumu ve Sergisi &#8220;Bahreyn Helal Expo 2024&#8221;"},"content":{"rendered":"\n<p class=\"wp-block-paragraph\">Say\u0131n \u00dcyemiz,<br>TOBB taraf\u0131ndan Odam\u0131za g\u00f6nderilen yaz\u0131da, D\u0131\u015fi\u015fleri Bakanl\u0131\u011f\u0131&#8217;n\u0131n 29.01.2024 tarih ve 37465476 say\u0131l\u0131 yaz\u0131s\u0131na atfen, Bahreyn Krall\u0131\u011f\u0131&#8217;n\u0131n Birinci Helal Sanayi Forumu ve Sergisi&#8217;nin (Bahreyn Helal Expo 2024), Bahreyn Krall\u0131\u011f\u0131 Sanayi ve Ticaret Bakanl\u0131\u011f\u0131, \u0130slam Ticareti Geli\u015ftirme Merkezi ve \u0130slam Birli\u011fi, Birle\u015fmi\u015f Milletler End\u00fcstriyel Kalk\u0131nma \u00d6rg\u00fct\u00fc (UNIDO), Checlist \u015eirketi ve baz\u0131 resmi kurumlar taraf\u0131ndan, 6-7 \u015eubat 2024 tarihleri aras\u0131nda Crown Plaza Manama&#8217;da d\u00fczenlenece\u011fi bildirilmektedir.<\/p>\n\n\n\n<p class=\"wp-block-paragraph\">Expo ile ilgili detayl\u0131 bilgileri ekteki belgede yer almaktad\u0131r.<\/p>\n\n\n\n<p class=\"wp-block-paragraph\"><a href=\"https:\/\/elazigtso.org.tr\/tr\/wp-content\/uploads\/2024\/02\/Bahreyn-Kralliginin-Birinci-Helal-Sanayi-Forumu-ve-Sergisi-Bahreyn-Helal-Expo-2024.pdf\" data-type=\"link\" data-id=\"https:\/\/elazigtso.org.tr\/tr\/wp-content\/uploads\/2024\/02\/Bahreyn-Kralliginin-Birinci-Helal-Sanayi-Forumu-ve-Sergisi-Bahreyn-Helal-Expo-2024.pdf\">Ek: Bahreyn Krall\u0131\u011f\u0131&#8217;n\u0131n Birinci Helal Sanayi Forumu ve Sergisi &#8220;Bahreyn Helal Expo 2024&#8221;<\/a><\/p>\n\n\n\n<p class=\"wp-block-paragraph\">Sayg\u0131lar\u0131m\u0131zla,<br>Elaz\u0131\u011f Ticaret ve Sanayi Odas\u0131<\/p>\n","protected":false},"excerpt":{"rendered":"<p>Say\u0131n \u00dcyemiz,TOBB taraf\u0131ndan Odam\u0131za g\u00f6nderilen yaz\u0131da, D\u0131\u015fi\u015fleri Bakanl\u0131\u011f\u0131&#8217;n\u0131n 29.01.2024 tarih ve 37465476 say\u0131l\u0131 yaz\u0131s\u0131na atfen, Bahreyn Krall\u0131\u011f\u0131&#8217;n\u0131n Birinci Helal Sanayi Forumu ve Sergisi&#8217;nin (Bahreyn Helal Expo 2024), Bahreyn Krall\u0131\u011f\u0131 Sanayi ve Ticaret Bakanl\u0131\u011f\u0131, \u0130slam Ticareti Geli\u015ftirme Merkezi ve \u0130slam Birli\u011fi, Birle\u015fmi\u015f Milletler End\u00fcstriyel Kalk\u0131nma \u00d6rg\u00fct\u00fc (UNIDO), Checlist \u015eirketi ve baz\u0131 resmi kurumlar taraf\u0131ndan, 6-7 \u015eubat [&hellip;]<\/p>\n","protected":false},"author":5,"featured_media":6585,"comment_status":"closed","ping_status":"closed","sticky":false,"template":"","format":"standard","meta":{"_jetpack_memberships_contains_paid_content":false,"footnotes":""},"categories":[3],"tags":[],"class_list":["post-6981","post","type-post","status-publish","format-standard","has-post-thumbnail","hentry","category-duyuru"],"jetpack_sharing_enabled":true,"jetpack_featured_media_url":"https:\/\/elazigtso.org.tr\/tr\/wp-content\/uploads\/2023\/11\/logo_news-80.jpg","_links":{"self":[{"href":"https:\/\/elazigtso.org.tr\/tr\/index.php\/wp-json\/wp\/v2\/posts\/6981","targetHints":{"allow":["GET"]}}],"collection":[{"href":"https:\/\/elazigtso.org.tr\/tr\/index.php\/wp-json\/wp\/v2\/posts"}],"about":[{"href":"https:\/\/elazigtso.org.tr\/tr\/index.php\/wp-json\/wp\/v2\/types\/post"}],"author":[{"embeddable":true,"href":"https:\/\/elazigtso.org.tr\/tr\/index.php\/wp-json\/wp\/v2\/users\/5"}],"replies":[{"embeddable":true,"href":"https:\/\/elazigtso.org.tr\/tr\/index.php\/wp-json\/wp\/v2\/comments?post=6981"}],"version-history":[{"count":1,"href":"https:\/\/elazigtso.org.tr\/tr\/index.php\/wp-json\/wp\/v2\/posts\/6981\/revisions"}],"predecessor-version":[{"id":6983,"href":"https:\/\/elazigtso.org.tr\/tr\/index.php\/wp-json\/wp\/v2\/posts\/6981\/revisions\/6983"}],"wp:featuredmedia":[{"embeddable":true,"href":"https:\/\/elazigtso.org.tr\/tr\/index.php\/wp-json\/wp\/v2\/media\/6585"}],"wp:attachment":[{"href":"https:\/\/elazigtso.org.tr\/tr\/index.php\/wp-json\/wp\/v2\/media?parent=6981"}],"wp:term":[{"taxonomy":"category","embeddable":true,"href":"https:\/\/elazigtso.org.tr\/tr\/index.php\/wp-json\/wp\/v2\/categories?post=6981"},{"taxonomy":"post_tag","embeddable":true,"href":"https:\/\/elazigtso.org.tr\/tr\/index.php\/wp-json\/wp\/v2\/tags?post=6981"}],"curies":[{"name":"wp","href":"https:\/\/api.w.org\/{rel}","templated":true}]}}