{"id":6604,"date":"2023-10-30T14:14:34","date_gmt":"2023-10-30T11:14:34","guid":{"rendered":"http:\/\/elazigtso.com\/tr\/?p=6604"},"modified":"2023-11-01T14:42:19","modified_gmt":"2023-11-01T11:42:19","slug":"suudi-arabistanin-turk-vatandaslarina-yonelik-e-vize-uygulamasi","status":"publish","type":"post","link":"https:\/\/elazigtso.org.tr\/tr\/index.php\/2023\/10\/30\/suudi-arabistanin-turk-vatandaslarina-yonelik-e-vize-uygulamasi\/","title":{"rendered":"Suudi Arabistan&#8217;\u0131n T\u00fcrk Vatanda\u015flar\u0131na Y\u00f6nelik E-Vize Uygulamas\u0131"},"content":{"rendered":"\n<p>Say\u0131n \u00dcyemiz,<br>TOBB taraf\u0131ndan Odam\u0131za g\u00f6nderilen yaz\u0131da, Ticaret Bakanl\u0131\u011f\u0131&#8217;n\u0131n 20.10.2023 tarihli ve 00090132278 say\u0131l\u0131 yaz\u0131s\u0131 ve Ticaret Bakanl\u0131\u011f\u0131&#8217;n\u0131\u0131n 20.10.2023 tarihli ve E-68460249-724.01.01-00090108648 say\u0131l\u0131 yaz\u0131s\u0131na atfen, Suudi Arabistan Krall\u0131\u011f\u0131 Turizm Bakanl\u0131\u011f\u0131 taraf\u0131ndan T\u00fcrkiye&#8217;nin de aralar\u0131nda bulundu\u011fu alt\u0131 \u00fclkenin e-vize program\u0131 kapsam\u0131ndaki \u00fclkeler listesine al\u0131nd\u0131\u011f\u0131, bu kapsamda \u00fclkemiz vatanda\u015flar\u0131n\u0131n https:\/\/visa.visitsaudi.com\/ internet sayfas\u0131 \u00fczerinden bir y\u0131l ge\u00e7erli, \u00e7ok giri\u015fli ve 90 g\u00fcn konaklama s\u00fcreli elektronik vize temin etmelerinin m\u00fcmk\u00fcn oldu\u011fu, s\u00f6z konusu vize t\u00fcr\u00fcn\u00fcn kullan\u0131m amac\u0131n\u0131n turizm, umre ve i\u015f ama\u00e7l\u0131 ziyaretleri kapsad\u0131\u011f\u0131 bildirilmektedir.<\/p>\n\n\n\n<p>\u00d6te yandan, an\u0131lan vize t\u00fcr\u00fc ile yap\u0131lacak seyahatlerde pasaport s\u00fcresinin \u00fclkeye giri\u015f tarihinden itibaren en az 6 ay ge\u00e7erli olmas\u0131, e-vizenin al\u0131nd\u0131\u011f\u0131 pasaport ile seyahat edilmesi ve e-vize belge \u00f6rne\u011finin \u00fclkeye giri\u015f i\u015flemleri esnas\u0131nda haz\u0131r bulundurulmas\u0131 \u015fartlar\u0131 bulundu\u011fu belirtilerek s\u00f6z konusu geli\u015fmenin, T\u00fcrk i\u015f insanlar\u0131n\u0131n \u00fclkeye seyahatlerini kolayla\u015ft\u0131rarak, \u00fclkeyle olan ekonomik ve ticari ili\u015fkilerimizin geli\u015fmesine katk\u0131 sa\u011flayaca\u011f\u0131n\u0131n d\u00fc\u015f\u00fcn\u00fcld\u00fc\u011f\u00fc ifade edilmektedir.<\/p>\n\n\n\n<p>Sayg\u0131lar\u0131m\u0131zla,<br>Elaz\u0131\u011f Ticaret ve Sanayi Odas\u0131<\/p>\n","protected":false},"excerpt":{"rendered":"<p>Say\u0131n \u00dcyemiz,TOBB taraf\u0131ndan Odam\u0131za g\u00f6nderilen yaz\u0131da, Ticaret Bakanl\u0131\u011f\u0131&#8217;n\u0131n 20.10.2023 tarihli ve 00090132278 say\u0131l\u0131 yaz\u0131s\u0131 ve Ticaret Bakanl\u0131\u011f\u0131&#8217;n\u0131\u0131n 20.10.2023 tarihli ve E-68460249-724.01.01-00090108648 say\u0131l\u0131 yaz\u0131s\u0131na atfen, Suudi Arabistan Krall\u0131\u011f\u0131 Turizm Bakanl\u0131\u011f\u0131 taraf\u0131ndan T\u00fcrkiye&#8217;nin de aralar\u0131nda bulundu\u011fu alt\u0131 \u00fclkenin e-vize program\u0131 kapsam\u0131ndaki \u00fclkeler listesine al\u0131nd\u0131\u011f\u0131, bu kapsamda \u00fclkemiz vatanda\u015flar\u0131n\u0131n https:\/\/visa.visitsaudi.com\/ internet sayfas\u0131 \u00fczerinden bir y\u0131l ge\u00e7erli, \u00e7ok giri\u015fli [&hellip;]<\/p>\n","protected":false},"author":5,"featured_media":6585,"comment_status":"closed","ping_status":"closed","sticky":false,"template":"","format":"standard","meta":{"_jetpack_memberships_contains_paid_content":false,"footnotes":""},"categories":[3],"tags":[],"class_list":["post-6604","post","type-post","status-publish","format-standard","has-post-thumbnail","hentry","category-duyuru"],"jetpack_sharing_enabled":true,"jetpack_featured_media_url":"https:\/\/elazigtso.org.tr\/tr\/wp-content\/uploads\/2023\/11\/logo_news-80.jpg","_links":{"self":[{"href":"https:\/\/elazigtso.org.tr\/tr\/index.php\/wp-json\/wp\/v2\/posts\/6604","targetHints":{"allow":["GET"]}}],"collection":[{"href":"https:\/\/elazigtso.org.tr\/tr\/index.php\/wp-json\/wp\/v2\/posts"}],"about":[{"href":"https:\/\/elazigtso.org.tr\/tr\/index.php\/wp-json\/wp\/v2\/types\/post"}],"author":[{"embeddable":true,"href":"https:\/\/elazigtso.org.tr\/tr\/index.php\/wp-json\/wp\/v2\/users\/5"}],"replies":[{"embeddable":true,"href":"https:\/\/elazigtso.org.tr\/tr\/index.php\/wp-json\/wp\/v2\/comments?post=6604"}],"version-history":[{"count":1,"href":"https:\/\/elazigtso.org.tr\/tr\/index.php\/wp-json\/wp\/v2\/posts\/6604\/revisions"}],"predecessor-version":[{"id":6605,"href":"https:\/\/elazigtso.org.tr\/tr\/index.php\/wp-json\/wp\/v2\/posts\/6604\/revisions\/6605"}],"wp:featuredmedia":[{"embeddable":true,"href":"https:\/\/elazigtso.org.tr\/tr\/index.php\/wp-json\/wp\/v2\/media\/6585"}],"wp:attachment":[{"href":"https:\/\/elazigtso.org.tr\/tr\/index.php\/wp-json\/wp\/v2\/media?parent=6604"}],"wp:term":[{"taxonomy":"category","embeddable":true,"href":"https:\/\/elazigtso.org.tr\/tr\/index.php\/wp-json\/wp\/v2\/categories?post=6604"},{"taxonomy":"post_tag","embeddable":true,"href":"https:\/\/elazigtso.org.tr\/tr\/index.php\/wp-json\/wp\/v2\/tags?post=6604"}],"curies":[{"name":"wp","href":"https:\/\/api.w.org\/{rel}","templated":true}]}}