{"id":6577,"date":"2023-10-26T10:32:09","date_gmt":"2023-10-26T07:32:09","guid":{"rendered":"http:\/\/elazigtso.com\/tr\/?p=6577"},"modified":"2023-11-01T10:48:17","modified_gmt":"2023-11-01T07:48:17","slug":"sirbistan-yesil-istasyon-ihalesi","status":"publish","type":"post","link":"https:\/\/elazigtso.org.tr\/tr\/index.php\/2023\/10\/26\/sirbistan-yesil-istasyon-ihalesi\/","title":{"rendered":"S\u0131rbistan &#8221;Ye\u015fil \u0130stasyon&#8221; \u0130halesi"},"content":{"rendered":"\n<p>Say\u0131n \u00dcyemiz,<br>TOBB taraf\u0131ndan Odam\u0131za g\u00f6nderilen yaz\u0131da, Ticaret Bakanl\u0131\u011f\u0131&#8217;n\u0131n 20.10.2023 tarihli ve 90109652 say\u0131l\u0131 yaz\u0131s\u0131na atfen, S\u0131rbistan&#8217;\u0131n \u00e7e\u015fitli b\u00f6lgelerinde halihaz\u0131rda 100 adet elektrikli ara\u00e7 \u015farj cihaz\u0131n\u0131n bulundu\u011fu, Temmuz ay\u0131 verilerine g\u00f6re ge\u00e7en y\u0131l\u0131n ayn\u0131 ay\u0131na k\u0131yasla kay\u0131tl\u0131 elektrikli ara\u00e7 say\u0131s\u0131nda %20 art\u0131\u015f g\u00f6r\u00fcld\u00fc\u011f\u00fc, \u00f6n\u00fcm\u00fczdeki d\u00f6nemde ise en az 80, en fazla 320 adet elektrikli ara\u00e7 \u015farj cihaz\u0131 kurulumunun yap\u0131laca\u011f\u0131n\u0131n ifade edildi\u011fi bilgisi verilmektedir.<\/p>\n\n\n\n<p>Yaz\u0131da devamla, S\u0131rbistan Karayollar\u0131 (JP &#8220;Roads of Serbia&#8221;) taraf\u0131ndan duyurusu yap\u0131lan ihalede; S\u0131rbistan&#8217;\u0131n \u00e7e\u015fitli b\u00f6lgelerinde 16 adet &#8220;ye\u015fil istasyon&#8221; kurulumunu finanse edecek finans\u00f6rlerin se\u00e7iminin yap\u0131laca\u011f\u0131n\u0131n a\u00e7\u0131kland\u0131\u011f\u0131 ve s\u00f6z konusu ihaleye yerli ve yabanc\u0131 t\u00fczel ki\u015filer ile yerli ve\/veya yabanc\u0131 t\u00fczel ki\u015filerden olu\u015fan bir konsorsiyumun da kat\u0131l\u0131m sa\u011flayabilece\u011fi ifade edilmektedir. Ba\u015fvurular i\u00e7in son tarih 24 Kas\u0131m 2023 saat 10:00 (CEST Belgrad) olarak belirlenmi\u015f olup, ba\u015fvurular\u0131n S\u0131rbistan kamu \u015firketi JP &#8220;Roads of Serbia&#8221; ofisinin Ljube \u010cupe 5 adresine yap\u0131laca\u011f\u0131 bildirilmekte ve s\u00f6z konusu ihale hakk\u0131nda ilave sorular i\u00e7in JP &#8220;Roads of Serbia&#8221;dan ileti\u015fim kurulacak ki\u015finin Marija Stefanovi\u0107 oldu\u011fu ve marija.stefanovic@putevisrbije.rs e-posta adresinden veya +381 66 866 5557 numaral\u0131 telefondan ula\u015f\u0131labilece\u011fi bilgisi payla\u015f\u0131lmaktad\u0131r.<\/p>\n\n\n\n<p>Bu itibarla, s\u00f6z konusu ihale dok\u00fcman\u0131 ve \u00f6rnek tasar\u0131m\u0131 ili\u015fikte yer almakta olup, ilave bilgi i\u00e7in ilgili Ticaret M\u00fc\u015favirli\u011fimiz (belgrad@ticaret.gov.tr) ile temasa ge\u00e7ilmesinin faydal\u0131 olaca\u011f\u0131 de\u011ferlendirilmektedir.<\/p>\n\n\n\n<p><a href=\"http:\/\/elazigtso.com\/tr\/wp-content\/uploads\/2023\/11\/Sirbistan-_Yesil-Istasyon_-Ihalesi.pdf\" data-type=\"link\" data-id=\"http:\/\/elazigtso.com\/tr\/wp-content\/uploads\/2023\/11\/Sirbistan-_Yesil-Istasyon_-Ihalesi.pdf\">Ek: Ye\u015fil \u0130stasyon 1<\/a><\/p>\n\n\n\n<p><a href=\"http:\/\/elazigtso.com\/tr\/wp-content\/uploads\/2023\/11\/2-ek-3.pdf\" data-type=\"link\" data-id=\"http:\/\/elazigtso.com\/tr\/wp-content\/uploads\/2023\/11\/2-ek-3.pdf\">Ek: Ye\u015fil \u0130stasyon 2<\/a><\/p>\n\n\n\n<p>Sayg\u0131lar\u0131m\u0131zla,<br>Elaz\u0131\u011f Ticaret ve Sanayi Odas\u0131<\/p>\n","protected":false},"excerpt":{"rendered":"<p>Say\u0131n \u00dcyemiz,TOBB taraf\u0131ndan Odam\u0131za g\u00f6nderilen yaz\u0131da, Ticaret Bakanl\u0131\u011f\u0131&#8217;n\u0131n 20.10.2023 tarihli ve 90109652 say\u0131l\u0131 yaz\u0131s\u0131na atfen, S\u0131rbistan&#8217;\u0131n \u00e7e\u015fitli b\u00f6lgelerinde halihaz\u0131rda 100 adet elektrikli ara\u00e7 \u015farj cihaz\u0131n\u0131n bulundu\u011fu, Temmuz ay\u0131 verilerine g\u00f6re ge\u00e7en y\u0131l\u0131n ayn\u0131 ay\u0131na k\u0131yasla kay\u0131tl\u0131 elektrikli ara\u00e7 say\u0131s\u0131nda %20 art\u0131\u015f g\u00f6r\u00fcld\u00fc\u011f\u00fc, \u00f6n\u00fcm\u00fczdeki d\u00f6nemde ise en az 80, en fazla 320 adet elektrikli ara\u00e7 \u015farj [&hellip;]<\/p>\n","protected":false},"author":5,"featured_media":5668,"comment_status":"closed","ping_status":"closed","sticky":false,"template":"","format":"standard","meta":{"_jetpack_memberships_contains_paid_content":false,"footnotes":""},"categories":[3],"tags":[],"class_list":["post-6577","post","type-post","status-publish","format-standard","has-post-thumbnail","hentry","category-duyuru"],"jetpack_sharing_enabled":true,"jetpack_featured_media_url":"https:\/\/elazigtso.org.tr\/tr\/wp-content\/uploads\/2023\/08\/logo_news.jpg","_links":{"self":[{"href":"https:\/\/elazigtso.org.tr\/tr\/index.php\/wp-json\/wp\/v2\/posts\/6577","targetHints":{"allow":["GET"]}}],"collection":[{"href":"https:\/\/elazigtso.org.tr\/tr\/index.php\/wp-json\/wp\/v2\/posts"}],"about":[{"href":"https:\/\/elazigtso.org.tr\/tr\/index.php\/wp-json\/wp\/v2\/types\/post"}],"author":[{"embeddable":true,"href":"https:\/\/elazigtso.org.tr\/tr\/index.php\/wp-json\/wp\/v2\/users\/5"}],"replies":[{"embeddable":true,"href":"https:\/\/elazigtso.org.tr\/tr\/index.php\/wp-json\/wp\/v2\/comments?post=6577"}],"version-history":[{"count":1,"href":"https:\/\/elazigtso.org.tr\/tr\/index.php\/wp-json\/wp\/v2\/posts\/6577\/revisions"}],"predecessor-version":[{"id":6580,"href":"https:\/\/elazigtso.org.tr\/tr\/index.php\/wp-json\/wp\/v2\/posts\/6577\/revisions\/6580"}],"wp:featuredmedia":[{"embeddable":true,"href":"https:\/\/elazigtso.org.tr\/tr\/index.php\/wp-json\/wp\/v2\/media\/5668"}],"wp:attachment":[{"href":"https:\/\/elazigtso.org.tr\/tr\/index.php\/wp-json\/wp\/v2\/media?parent=6577"}],"wp:term":[{"taxonomy":"category","embeddable":true,"href":"https:\/\/elazigtso.org.tr\/tr\/index.php\/wp-json\/wp\/v2\/categories?post=6577"},{"taxonomy":"post_tag","embeddable":true,"href":"https:\/\/elazigtso.org.tr\/tr\/index.php\/wp-json\/wp\/v2\/tags?post=6577"}],"curies":[{"name":"wp","href":"https:\/\/api.w.org\/{rel}","templated":true}]}}