{"id":6401,"date":"2023-10-18T12:01:07","date_gmt":"2023-10-18T09:01:07","guid":{"rendered":"http:\/\/elazigtso.com\/tr\/?p=6401"},"modified":"2023-10-20T12:03:33","modified_gmt":"2023-10-20T09:03:33","slug":"kahirede-duzenlenecek-pak-afrika-ticaretini-gelistirme-konferansi-ve-pakistan-tek-ulke-fuari","status":"publish","type":"post","link":"https:\/\/elazigtso.org.tr\/tr\/index.php\/2023\/10\/18\/kahirede-duzenlenecek-pak-afrika-ticaretini-gelistirme-konferansi-ve-pakistan-tek-ulke-fuari\/","title":{"rendered":"Kahire&#8217;de d\u00fczenlenecek Pak-Afrika Ticaretini Geli\u015ftirme Konferans\u0131 ve Pakistan Tek \u00dclke Fuar\u0131"},"content":{"rendered":"\n<p>Say\u0131n \u00dcyemiz,<br>TOBB taraf\u0131ndan Odam\u0131za g\u00f6nderilen yaz\u0131da, D\u0131\u015fi\u015fleri Bakanl\u0131\u011f\u0131&#8217;n\u0131n 13.10.2023 tarih ve 36724229 say\u0131l\u0131 yaz\u0131s\u0131na atfen, 9-11 Ocak 2024 tarihlerinde, M\u0131s\u0131r &#8211; Kahire&#8217;deki Uluslararas\u0131 Fuar ve Kongre Merkezi&#8217;nde, PakAfrika Ticaretini Geli\u015ftirme Konferans\u0131 ve Pakistan Tek \u00dclke Fuar\u0131n\u0131n d\u00fczenlenece\u011fi bildirilmektedir.<\/p>\n\n\n\n<p>S\u00f6z konusu etkinliklere ili\u015fkin kat\u0131l\u0131m teyidi ve detay sorular i\u00e7in pakcom.jdh@tdap.gov.pk ve<br>parepoicjeddah@mofa.gov.pk e-posta adresleri ile irtibata ge\u00e7ilebilir.<\/p>\n\n\n\n<p>Sayg\u0131lar\u0131m\u0131zla,<br>Elaz\u0131\u011f Ticaret ve Sanayi Odas\u0131<\/p>\n","protected":false},"excerpt":{"rendered":"<p>Say\u0131n \u00dcyemiz,TOBB taraf\u0131ndan Odam\u0131za g\u00f6nderilen yaz\u0131da, D\u0131\u015fi\u015fleri Bakanl\u0131\u011f\u0131&#8217;n\u0131n 13.10.2023 tarih ve 36724229 say\u0131l\u0131 yaz\u0131s\u0131na atfen, 9-11 Ocak 2024 tarihlerinde, M\u0131s\u0131r &#8211; Kahire&#8217;deki Uluslararas\u0131 Fuar ve Kongre Merkezi&#8217;nde, PakAfrika Ticaretini Geli\u015ftirme Konferans\u0131 ve Pakistan Tek \u00dclke Fuar\u0131n\u0131n d\u00fczenlenece\u011fi bildirilmektedir. S\u00f6z konusu etkinliklere ili\u015fkin kat\u0131l\u0131m teyidi ve detay sorular i\u00e7in pakcom.jdh@tdap.gov.pk veparepoicjeddah@mofa.gov.pk e-posta adresleri ile irtibata ge\u00e7ilebilir. [&hellip;]<\/p>\n","protected":false},"author":5,"featured_media":5668,"comment_status":"closed","ping_status":"closed","sticky":false,"template":"","format":"standard","meta":{"_jetpack_memberships_contains_paid_content":false,"footnotes":""},"categories":[3],"tags":[],"class_list":["post-6401","post","type-post","status-publish","format-standard","has-post-thumbnail","hentry","category-duyuru"],"jetpack_sharing_enabled":true,"jetpack_featured_media_url":"https:\/\/elazigtso.org.tr\/tr\/wp-content\/uploads\/2023\/08\/logo_news.jpg","_links":{"self":[{"href":"https:\/\/elazigtso.org.tr\/tr\/index.php\/wp-json\/wp\/v2\/posts\/6401","targetHints":{"allow":["GET"]}}],"collection":[{"href":"https:\/\/elazigtso.org.tr\/tr\/index.php\/wp-json\/wp\/v2\/posts"}],"about":[{"href":"https:\/\/elazigtso.org.tr\/tr\/index.php\/wp-json\/wp\/v2\/types\/post"}],"author":[{"embeddable":true,"href":"https:\/\/elazigtso.org.tr\/tr\/index.php\/wp-json\/wp\/v2\/users\/5"}],"replies":[{"embeddable":true,"href":"https:\/\/elazigtso.org.tr\/tr\/index.php\/wp-json\/wp\/v2\/comments?post=6401"}],"version-history":[{"count":1,"href":"https:\/\/elazigtso.org.tr\/tr\/index.php\/wp-json\/wp\/v2\/posts\/6401\/revisions"}],"predecessor-version":[{"id":6402,"href":"https:\/\/elazigtso.org.tr\/tr\/index.php\/wp-json\/wp\/v2\/posts\/6401\/revisions\/6402"}],"wp:featuredmedia":[{"embeddable":true,"href":"https:\/\/elazigtso.org.tr\/tr\/index.php\/wp-json\/wp\/v2\/media\/5668"}],"wp:attachment":[{"href":"https:\/\/elazigtso.org.tr\/tr\/index.php\/wp-json\/wp\/v2\/media?parent=6401"}],"wp:term":[{"taxonomy":"category","embeddable":true,"href":"https:\/\/elazigtso.org.tr\/tr\/index.php\/wp-json\/wp\/v2\/categories?post=6401"},{"taxonomy":"post_tag","embeddable":true,"href":"https:\/\/elazigtso.org.tr\/tr\/index.php\/wp-json\/wp\/v2\/tags?post=6401"}],"curies":[{"name":"wp","href":"https:\/\/api.w.org\/{rel}","templated":true}]}}