{"id":5851,"date":"2023-08-24T13:34:24","date_gmt":"2023-08-24T10:34:24","guid":{"rendered":"http:\/\/elazigtso.com\/tr\/?p=5851"},"modified":"2023-08-24T13:34:25","modified_gmt":"2023-08-24T10:34:25","slug":"29-tiran-uluslararasi-fuari-hk","status":"publish","type":"post","link":"https:\/\/elazigtso.org.tr\/tr\/index.php\/2023\/08\/24\/29-tiran-uluslararasi-fuari-hk\/","title":{"rendered":"29.Tiran Uluslararas\u0131 Fuar\u0131 hk."},"content":{"rendered":"\n<p>Say\u0131n \u00dcyemiz,<\/p>\n\n\n\n<p>TOBB taraf\u0131ndan Odam\u0131za g\u00f6nderilen yaz\u0131da,&nbsp;\u0130stanbul Ticaret Odas\u0131&#8217;n\u0131n 01.08.2023 tarihli yaz\u0131s\u0131na atfen,&nbsp;\u0130lgide kay\u0131tl\u0131 yaz\u0131da, Arnavutluk&#8217;un ba\u015fkenti Tiran&#8217;da 6-9 Aral\u0131k 2023 tarihleri aras\u0131nda &#8221; 29. Uluslararas\u0131 Tiran Fuar\u0131&#8221; n\u0131n d\u00fczenlenece\u011fi kaydedilmektedir. Etkinli\u011fe ili\u015fkin olarak firmalar\u0131m\u0131z\u0131n numune baz\u0131nda sergileme \u00fcnitesi ile kat\u0131l\u0131mlar\u0131na ili\u015fkin bedelin 19.000 TL oldu\u011fu ve s\u00f6z konusu fuarda \u0130stanbul Ticaret Odas\u0131 stand\u0131nda yer alacak firmalara ikili g\u00f6r\u00fc\u015fme organizasyonu d\u00fczenlenece\u011fi ifade edilmektedir.<\/p>\n\n\n\n<p>Bu minvalde, bahse konu etkinlikle alakal\u0131 olarak temas ki\u015fisinin a\u015fa\u011f\u0131da ileti\u015fim bilgileri verilmektedir.<\/p>\n\n\n\n<p>\u0130stanbul Ticaret Odas\u0131, Yurti\u00e7i Fuarlar Birimi<\/p>\n\n\n\n<p>\u015eeyma Pekcan<\/p>\n\n\n\n<p>Telefon : 0212 455 65 07<\/p>\n\n\n\n<p>E-posta :seyma.pekcan@ito.org.tr<\/p>\n\n\n\n<p>Sayg\u0131lar\u0131m\u0131zla,<\/p>\n\n\n\n<p>Elaz\u0131\u011f Ticaret ve Sanayi Odas\u0131&nbsp;<\/p>\n","protected":false},"excerpt":{"rendered":"<p>Say\u0131n \u00dcyemiz, TOBB taraf\u0131ndan Odam\u0131za g\u00f6nderilen yaz\u0131da,&nbsp;\u0130stanbul Ticaret Odas\u0131&#8217;n\u0131n 01.08.2023 tarihli yaz\u0131s\u0131na atfen,&nbsp;\u0130lgide kay\u0131tl\u0131 yaz\u0131da, Arnavutluk&#8217;un ba\u015fkenti Tiran&#8217;da 6-9 Aral\u0131k 2023 tarihleri aras\u0131nda &#8221; 29. Uluslararas\u0131 Tiran Fuar\u0131&#8221; n\u0131n d\u00fczenlenece\u011fi kaydedilmektedir. Etkinli\u011fe ili\u015fkin olarak firmalar\u0131m\u0131z\u0131n numune baz\u0131nda sergileme \u00fcnitesi ile kat\u0131l\u0131mlar\u0131na ili\u015fkin bedelin 19.000 TL oldu\u011fu ve s\u00f6z konusu fuarda \u0130stanbul Ticaret Odas\u0131 stand\u0131nda yer [&hellip;]<\/p>\n","protected":false},"author":1,"featured_media":5668,"comment_status":"closed","ping_status":"closed","sticky":false,"template":"","format":"standard","meta":{"_jetpack_memberships_contains_paid_content":false,"footnotes":""},"categories":[3],"tags":[],"class_list":["post-5851","post","type-post","status-publish","format-standard","has-post-thumbnail","hentry","category-duyuru"],"jetpack_sharing_enabled":true,"jetpack_featured_media_url":"https:\/\/elazigtso.org.tr\/tr\/wp-content\/uploads\/2023\/08\/logo_news.jpg","_links":{"self":[{"href":"https:\/\/elazigtso.org.tr\/tr\/index.php\/wp-json\/wp\/v2\/posts\/5851","targetHints":{"allow":["GET"]}}],"collection":[{"href":"https:\/\/elazigtso.org.tr\/tr\/index.php\/wp-json\/wp\/v2\/posts"}],"about":[{"href":"https:\/\/elazigtso.org.tr\/tr\/index.php\/wp-json\/wp\/v2\/types\/post"}],"author":[{"embeddable":true,"href":"https:\/\/elazigtso.org.tr\/tr\/index.php\/wp-json\/wp\/v2\/users\/1"}],"replies":[{"embeddable":true,"href":"https:\/\/elazigtso.org.tr\/tr\/index.php\/wp-json\/wp\/v2\/comments?post=5851"}],"version-history":[{"count":1,"href":"https:\/\/elazigtso.org.tr\/tr\/index.php\/wp-json\/wp\/v2\/posts\/5851\/revisions"}],"predecessor-version":[{"id":5852,"href":"https:\/\/elazigtso.org.tr\/tr\/index.php\/wp-json\/wp\/v2\/posts\/5851\/revisions\/5852"}],"wp:featuredmedia":[{"embeddable":true,"href":"https:\/\/elazigtso.org.tr\/tr\/index.php\/wp-json\/wp\/v2\/media\/5668"}],"wp:attachment":[{"href":"https:\/\/elazigtso.org.tr\/tr\/index.php\/wp-json\/wp\/v2\/media?parent=5851"}],"wp:term":[{"taxonomy":"category","embeddable":true,"href":"https:\/\/elazigtso.org.tr\/tr\/index.php\/wp-json\/wp\/v2\/categories?post=5851"},{"taxonomy":"post_tag","embeddable":true,"href":"https:\/\/elazigtso.org.tr\/tr\/index.php\/wp-json\/wp\/v2\/tags?post=5851"}],"curies":[{"name":"wp","href":"https:\/\/api.w.org\/{rel}","templated":true}]}}