{"id":5642,"date":"2023-07-28T14:01:31","date_gmt":"2023-07-28T11:01:31","guid":{"rendered":"http:\/\/elazigtso.com\/tr\/index.php\/2023\/07\/28\/kambocya-kralligi-yatirim-yasasi\/"},"modified":"2023-07-28T14:01:31","modified_gmt":"2023-07-28T11:01:31","slug":"kambocya-kralligi-yatirim-yasasi","status":"publish","type":"post","link":"https:\/\/elazigtso.org.tr\/tr\/index.php\/2023\/07\/28\/kambocya-kralligi-yatirim-yasasi\/","title":{"rendered":"Kambo\u00e7ya Krall\u0131\u011f\u0131 Yat\u0131r\u0131m Yasas\u0131"},"content":{"rendered":"<\/p>\n<div class=\"content-detail\">\n<p>Say\u0131n \u00dcyemiz,<\/p>\n<p>TOBB taraf\u0131ndan Odam\u0131za g\u00f6nderilen yaz\u0131da,\u00a0Ticaret Bakanl\u0131\u011f\u0131\u2019n\u0131n 02.03.2023 tarih ve 83199101 say\u0131l\u0131 yaz\u0131s\u0131na atfen,\u00a0e Kambo\u00e7ya Kalk\u0131nma Konseyi taraf\u0131ndan haz\u0131rlanan Kambo\u00e7ya Krall\u0131\u011f\u0131 Yat\u0131r\u0131m Yasas\u0131&#8217;n\u0131n \u00f6zeti ve s\u00f6z konusu yasaya ili\u015fkin Ticaret Bakanl\u0131\u011f\u0131m\u0131z taraf\u0131ndan haz\u0131rlanan bilgi notu iletilmektedir.<\/p>\n<p>Yaz\u0131da ayr\u0131ca, Amerika Birle\u015fik Devletleri&#8217;nin \u00c7in Halk Cumhuriyeti&#8217;ne y\u00f6nelik ticaret politikas\u0131 \u00e7er\u00e7evesinde,<br \/>\nyabanc\u0131 \u015firketlerin tedarik zincirlerinin Asya&#8217;da di\u011fer \u00fclkelere kaymas\u0131yla ilginin y\u00f6neldi\u011fi \u00fclkeler aras\u0131nda<br \/>\nyer alan Kambo\u00e7ya ekonomisinin, yat\u0131r\u0131mc\u0131lara liberal bir ortam sundu\u011fu, Genelle\u015ftirilmi\u015f Tercihler Sistemi<br \/>\n(GTS) kapsam\u0131nda bir\u00e7ok pazarda tercihli eri\u015fimden yararland\u0131\u011f\u0131, ASEAN \u00fcyeli\u011fi ve AFTA (ASEAN Serbest<br \/>\nTicaret B\u00f6lgesi) Anla\u015fmas\u0131&#8217;n\u0131n sa\u011flad\u0131\u011f\u0131 d\u00fc\u015f\u00fck tarife imk\u00e2n\u0131 ile \u00f6ne \u00e7\u0131kt\u0131\u011f\u0131 ifade edilmektedir.<\/p>\n<p><a href=\"http:\/\/www.elazigtso.org.tr\/public\/docs_oda\/duyuru\/29.03.2023\/kambocya%20kralligi%20yatirim%20yasasi.pdf\" target=\"_blank\" rel=\"noopener\">Ek:\u00a0Kambo\u00e7ya Krall\u0131\u011f\u0131 Yat\u0131r\u0131m Yasas\u0131<\/a><\/p>\n<p>Sayg\u0131lar\u0131m\u0131zla,<\/p>\n<p>Elaz\u0131\u011f Ticaret ve Sanayi Odas\u0131<\/p>\n<p><\/p>\n<p>\u00a0<\/p>\n<p>Bu duyuru 95 defa okundu. <\/p>\n<p>Ekleme Tarihi :2023-03-14 07:34:00 <\/p>\n<\/p><\/div>\n","protected":false},"excerpt":{"rendered":"<p>Say\u0131n \u00dcyemiz, TOBB taraf\u0131ndan Odam\u0131za g\u00f6nderilen yaz\u0131da,\u00a0Ticaret Bakanl\u0131\u011f\u0131\u2019n\u0131n 02.03.2023 tarih ve 83199101 say\u0131l\u0131 yaz\u0131s\u0131na atfen,\u00a0e Kambo\u00e7ya Kalk\u0131nma Konseyi taraf\u0131ndan haz\u0131rlanan Kambo\u00e7ya Krall\u0131\u011f\u0131 Yat\u0131r\u0131m Yasas\u0131&#8217;n\u0131n \u00f6zeti ve s\u00f6z konusu yasaya ili\u015fkin Ticaret Bakanl\u0131\u011f\u0131m\u0131z taraf\u0131ndan haz\u0131rlanan bilgi notu iletilmektedir. Yaz\u0131da ayr\u0131ca, Amerika Birle\u015fik Devletleri&#8217;nin \u00c7in Halk Cumhuriyeti&#8217;ne y\u00f6nelik ticaret politikas\u0131 \u00e7er\u00e7evesinde, yabanc\u0131 \u015firketlerin tedarik zincirlerinin Asya&#8217;da di\u011fer [&hellip;]<\/p>\n","protected":false},"author":1,"featured_media":5650,"comment_status":"open","ping_status":"open","sticky":false,"template":"","format":"standard","meta":{"_jetpack_memberships_contains_paid_content":false,"footnotes":""},"categories":[3],"tags":[],"class_list":["post-5642","post","type-post","status-publish","format-standard","has-post-thumbnail","hentry","category-duyuru"],"jetpack_sharing_enabled":true,"jetpack_featured_media_url":"https:\/\/elazigtso.org.tr\/tr\/wp-content\/uploads\/2023\/07\/logo_news-80.jpg","_links":{"self":[{"href":"https:\/\/elazigtso.org.tr\/tr\/index.php\/wp-json\/wp\/v2\/posts\/5642","targetHints":{"allow":["GET"]}}],"collection":[{"href":"https:\/\/elazigtso.org.tr\/tr\/index.php\/wp-json\/wp\/v2\/posts"}],"about":[{"href":"https:\/\/elazigtso.org.tr\/tr\/index.php\/wp-json\/wp\/v2\/types\/post"}],"author":[{"embeddable":true,"href":"https:\/\/elazigtso.org.tr\/tr\/index.php\/wp-json\/wp\/v2\/users\/1"}],"replies":[{"embeddable":true,"href":"https:\/\/elazigtso.org.tr\/tr\/index.php\/wp-json\/wp\/v2\/comments?post=5642"}],"version-history":[{"count":0,"href":"https:\/\/elazigtso.org.tr\/tr\/index.php\/wp-json\/wp\/v2\/posts\/5642\/revisions"}],"wp:featuredmedia":[{"embeddable":true,"href":"https:\/\/elazigtso.org.tr\/tr\/index.php\/wp-json\/wp\/v2\/media\/5650"}],"wp:attachment":[{"href":"https:\/\/elazigtso.org.tr\/tr\/index.php\/wp-json\/wp\/v2\/media?parent=5642"}],"wp:term":[{"taxonomy":"category","embeddable":true,"href":"https:\/\/elazigtso.org.tr\/tr\/index.php\/wp-json\/wp\/v2\/categories?post=5642"},{"taxonomy":"post_tag","embeddable":true,"href":"https:\/\/elazigtso.org.tr\/tr\/index.php\/wp-json\/wp\/v2\/tags?post=5642"}],"curies":[{"name":"wp","href":"https:\/\/api.w.org\/{rel}","templated":true}]}}