{"id":5640,"date":"2023-07-28T13:59:29","date_gmt":"2023-07-28T10:59:29","guid":{"rendered":"http:\/\/elazigtso.com\/tr\/index.php\/2023\/07\/28\/anaklia-derin-deniz-limani-projesi-hk-gurcistan\/"},"modified":"2023-07-28T13:59:29","modified_gmt":"2023-07-28T10:59:29","slug":"anaklia-derin-deniz-limani-projesi-hk-gurcistan","status":"publish","type":"post","link":"https:\/\/elazigtso.org.tr\/tr\/index.php\/2023\/07\/28\/anaklia-derin-deniz-limani-projesi-hk-gurcistan\/","title":{"rendered":"Anaklia Derin Deniz Liman\u0131 Projesi hk. &#8211; G\u00fcrcistan"},"content":{"rendered":"<\/p>\n<div class=\"content-detail\">\n<p>Say\u0131n \u00dcyemiz,<\/p>\n<p>TOBB taraf\u0131ndan Odam\u0131za g\u00f6nderilen yaz\u0131da,\u00a0D\u0131\u015fi\u015fleri Bakanl\u0131\u011f\u0131&#8217;n\u0131n 09.03.2023 tarih ve 35756947 say\u0131l\u0131 yaz\u0131s\u0131,\u00a0\u0130lgi yaz\u0131da, G\u00fcrcistan&#8217;\u0131n Ankara B\u00fcy\u00fckel\u00e7ili\u011fi&#8217;nden al\u0131nan bir Nota&#8217;ya atfen, Anaklia Derin Deniz Liman\u0131 Kamu ve \u00d6zel Sekt\u00f6r Ortakl\u0131\u011f\u0131 Projesi i\u00e7in \u00f6zel sekt\u00f6r orta\u011f\u0131 se\u00e7im s\u00fcrecinin ba\u015flad\u0131\u011f\u0131 ve konu hakk\u0131nda ayr\u0131nt\u0131l\u0131 bilgiye &#8220;www.economy.ge\/?page=economy&amp;s=149&amp;lang=en&#8221; web ba\u011flant\u0131s\u0131ndan ula\u015f\u0131labilece\u011fi bildirilmektedir.<\/p>\n<p>Sayg\u0131lar\u0131m\u0131zla,<\/p>\n<p>Elaz\u0131\u011f Ticaret ve Sanayi Odas\u0131<\/p>\n<p>\u00a0<\/p>\n<p>Bu duyuru 333 defa okundu. <\/p>\n<p>Ekleme Tarihi :2023-03-14 01:48:00 <\/p>\n<\/p><\/div>\n","protected":false},"excerpt":{"rendered":"<p>Say\u0131n \u00dcyemiz, TOBB taraf\u0131ndan Odam\u0131za g\u00f6nderilen yaz\u0131da,\u00a0D\u0131\u015fi\u015fleri Bakanl\u0131\u011f\u0131&#8217;n\u0131n 09.03.2023 tarih ve 35756947 say\u0131l\u0131 yaz\u0131s\u0131,\u00a0\u0130lgi yaz\u0131da, G\u00fcrcistan&#8217;\u0131n Ankara B\u00fcy\u00fckel\u00e7ili\u011fi&#8217;nden al\u0131nan bir Nota&#8217;ya atfen, Anaklia Derin Deniz Liman\u0131 Kamu ve \u00d6zel Sekt\u00f6r Ortakl\u0131\u011f\u0131 Projesi i\u00e7in \u00f6zel sekt\u00f6r orta\u011f\u0131 se\u00e7im s\u00fcrecinin ba\u015flad\u0131\u011f\u0131 ve konu hakk\u0131nda ayr\u0131nt\u0131l\u0131 bilgiye &#8220;www.economy.ge\/?page=economy&amp;s=149&amp;lang=en&#8221; web ba\u011flant\u0131s\u0131ndan ula\u015f\u0131labilece\u011fi bildirilmektedir. Sayg\u0131lar\u0131m\u0131zla, Elaz\u0131\u011f Ticaret ve Sanayi Odas\u0131 [&hellip;]<\/p>\n","protected":false},"author":1,"featured_media":5650,"comment_status":"open","ping_status":"open","sticky":false,"template":"","format":"standard","meta":{"_jetpack_memberships_contains_paid_content":false,"footnotes":""},"categories":[3],"tags":[],"class_list":["post-5640","post","type-post","status-publish","format-standard","has-post-thumbnail","hentry","category-duyuru"],"jetpack_sharing_enabled":true,"jetpack_featured_media_url":"https:\/\/elazigtso.org.tr\/tr\/wp-content\/uploads\/2023\/07\/logo_news-80.jpg","_links":{"self":[{"href":"https:\/\/elazigtso.org.tr\/tr\/index.php\/wp-json\/wp\/v2\/posts\/5640","targetHints":{"allow":["GET"]}}],"collection":[{"href":"https:\/\/elazigtso.org.tr\/tr\/index.php\/wp-json\/wp\/v2\/posts"}],"about":[{"href":"https:\/\/elazigtso.org.tr\/tr\/index.php\/wp-json\/wp\/v2\/types\/post"}],"author":[{"embeddable":true,"href":"https:\/\/elazigtso.org.tr\/tr\/index.php\/wp-json\/wp\/v2\/users\/1"}],"replies":[{"embeddable":true,"href":"https:\/\/elazigtso.org.tr\/tr\/index.php\/wp-json\/wp\/v2\/comments?post=5640"}],"version-history":[{"count":0,"href":"https:\/\/elazigtso.org.tr\/tr\/index.php\/wp-json\/wp\/v2\/posts\/5640\/revisions"}],"wp:featuredmedia":[{"embeddable":true,"href":"https:\/\/elazigtso.org.tr\/tr\/index.php\/wp-json\/wp\/v2\/media\/5650"}],"wp:attachment":[{"href":"https:\/\/elazigtso.org.tr\/tr\/index.php\/wp-json\/wp\/v2\/media?parent=5640"}],"wp:term":[{"taxonomy":"category","embeddable":true,"href":"https:\/\/elazigtso.org.tr\/tr\/index.php\/wp-json\/wp\/v2\/categories?post=5640"},{"taxonomy":"post_tag","embeddable":true,"href":"https:\/\/elazigtso.org.tr\/tr\/index.php\/wp-json\/wp\/v2\/tags?post=5640"}],"curies":[{"name":"wp","href":"https:\/\/api.w.org\/{rel}","templated":true}]}}