{"id":5627,"date":"2023-07-28T13:21:21","date_gmt":"2023-07-28T10:21:21","guid":{"rendered":"http:\/\/elazigtso.com\/tr\/index.php\/2023\/07\/28\/ekvatorun-ankara-buyukelciliginden-alinan-nota\/"},"modified":"2023-07-28T13:21:21","modified_gmt":"2023-07-28T10:21:21","slug":"ekvatorun-ankara-buyukelciliginden-alinan-nota","status":"publish","type":"post","link":"https:\/\/elazigtso.org.tr\/tr\/index.php\/2023\/07\/28\/ekvatorun-ankara-buyukelciliginden-alinan-nota\/","title":{"rendered":"Ekvator&#8217;un Ankara B\u00fcy\u00fckel\u00e7ili\u011finden Al\u0131nan Nota"},"content":{"rendered":"<\/p>\n<div class=\"content-detail\">\n<p>Say\u0131n \u00dcyemiz,<\/p>\n<p>TOBB taraf\u0131ndan Odam\u0131za g\u00f6nderilen yaz\u0131da,\u00a0Ticaret Bakanl\u0131\u011f\u0131&#8217;ndan al\u0131nan 01.03.2023 tarihli ve 83130287 say\u0131l\u0131 yaz\u0131s\u0131na atfen,\u00a0Ekte bir \u00f6rne\u011fi sunulan ilgi yaz\u0131da, D\u0131\u015fi\u015fleri Bakanl\u0131\u011f\u0131&#8217;ndan al\u0131nan yaz\u0131ya atfen, bal\u0131k\u00e7\u0131l\u0131k ve su \u00fcr\u00fcnleri alan\u0131ndaki sa\u011fl\u0131k konular\u0131nda yetkili Ekvador Kalite ve G\u00fcvenlik M\u00fcste\u015farl\u0131\u011f\u0131 taraf\u0131ndan 18 Ocak 2023 tarihi itibar\u0131yla sa\u011fl\u0131k sertifikalar\u0131n\u0131n yeni format\u0131n\u0131n y\u00fcr\u00fcrl\u00fc\u011fe girdi\u011fi bildirilerek, s\u00f6z konusu sertifikan\u0131n bir \u00f6rne\u011fi iletilmi\u015ftir.<\/p>\n<p><a href=\"http:\/\/www.elazigtso.org.tr\/public\/docs_oda\/duyuru\/13.0\/Ekvator_un%20Ankara%20Bykeliliinden%20Alnan%20Nota.pdf\" target=\"_blank\" rel=\"noopener\">Ek:\u00a0Ekvator&#8217;un Ankara B\u00fcy\u00fckel\u00e7ili\u011finden Al\u0131nan Nota<\/a><\/p>\n<p>Sayg\u0131lar\u0131m\u0131zla,<\/p>\n<p>Elaz\u0131\u011f Ticaret ve Sanayi Odas\u0131<\/p>\n<p>\u00a0<\/p>\n<p>Bu duyuru 459 defa okundu. <\/p>\n<p>Ekleme Tarihi :2023-03-03 10:09:00 <\/p>\n<\/p><\/div>\n","protected":false},"excerpt":{"rendered":"<p>Say\u0131n \u00dcyemiz, TOBB taraf\u0131ndan Odam\u0131za g\u00f6nderilen yaz\u0131da,\u00a0Ticaret Bakanl\u0131\u011f\u0131&#8217;ndan al\u0131nan 01.03.2023 tarihli ve 83130287 say\u0131l\u0131 yaz\u0131s\u0131na atfen,\u00a0Ekte bir \u00f6rne\u011fi sunulan ilgi yaz\u0131da, D\u0131\u015fi\u015fleri Bakanl\u0131\u011f\u0131&#8217;ndan al\u0131nan yaz\u0131ya atfen, bal\u0131k\u00e7\u0131l\u0131k ve su \u00fcr\u00fcnleri alan\u0131ndaki sa\u011fl\u0131k konular\u0131nda yetkili Ekvador Kalite ve G\u00fcvenlik M\u00fcste\u015farl\u0131\u011f\u0131 taraf\u0131ndan 18 Ocak 2023 tarihi itibar\u0131yla sa\u011fl\u0131k sertifikalar\u0131n\u0131n yeni format\u0131n\u0131n y\u00fcr\u00fcrl\u00fc\u011fe girdi\u011fi bildirilerek, s\u00f6z konusu sertifikan\u0131n [&hellip;]<\/p>\n","protected":false},"author":1,"featured_media":5650,"comment_status":"open","ping_status":"open","sticky":false,"template":"","format":"standard","meta":{"_jetpack_memberships_contains_paid_content":false,"footnotes":""},"categories":[3],"tags":[],"class_list":["post-5627","post","type-post","status-publish","format-standard","has-post-thumbnail","hentry","category-duyuru"],"jetpack_sharing_enabled":true,"jetpack_featured_media_url":"https:\/\/elazigtso.org.tr\/tr\/wp-content\/uploads\/2023\/07\/logo_news-80.jpg","_links":{"self":[{"href":"https:\/\/elazigtso.org.tr\/tr\/index.php\/wp-json\/wp\/v2\/posts\/5627","targetHints":{"allow":["GET"]}}],"collection":[{"href":"https:\/\/elazigtso.org.tr\/tr\/index.php\/wp-json\/wp\/v2\/posts"}],"about":[{"href":"https:\/\/elazigtso.org.tr\/tr\/index.php\/wp-json\/wp\/v2\/types\/post"}],"author":[{"embeddable":true,"href":"https:\/\/elazigtso.org.tr\/tr\/index.php\/wp-json\/wp\/v2\/users\/1"}],"replies":[{"embeddable":true,"href":"https:\/\/elazigtso.org.tr\/tr\/index.php\/wp-json\/wp\/v2\/comments?post=5627"}],"version-history":[{"count":0,"href":"https:\/\/elazigtso.org.tr\/tr\/index.php\/wp-json\/wp\/v2\/posts\/5627\/revisions"}],"wp:featuredmedia":[{"embeddable":true,"href":"https:\/\/elazigtso.org.tr\/tr\/index.php\/wp-json\/wp\/v2\/media\/5650"}],"wp:attachment":[{"href":"https:\/\/elazigtso.org.tr\/tr\/index.php\/wp-json\/wp\/v2\/media?parent=5627"}],"wp:term":[{"taxonomy":"category","embeddable":true,"href":"https:\/\/elazigtso.org.tr\/tr\/index.php\/wp-json\/wp\/v2\/categories?post=5627"},{"taxonomy":"post_tag","embeddable":true,"href":"https:\/\/elazigtso.org.tr\/tr\/index.php\/wp-json\/wp\/v2\/tags?post=5627"}],"curies":[{"name":"wp","href":"https:\/\/api.w.org\/{rel}","templated":true}]}}