{"id":5626,"date":"2023-07-28T13:20:19","date_gmt":"2023-07-28T10:20:19","guid":{"rendered":"http:\/\/elazigtso.com\/tr\/index.php\/2023\/07\/28\/2023-puerto-plata-is-forumu\/"},"modified":"2023-07-28T13:20:19","modified_gmt":"2023-07-28T10:20:19","slug":"2023-puerto-plata-is-forumu","status":"publish","type":"post","link":"https:\/\/elazigtso.org.tr\/tr\/index.php\/2023\/07\/28\/2023-puerto-plata-is-forumu\/","title":{"rendered":"2023 Puerto Plata \u0130\u015f Forumu"},"content":{"rendered":"<\/p>\n<div class=\"content-detail\">\n<p>Say\u0131n \u00dcyemiz,<\/p>\n<p>TOBB taraf\u0131ndan Odam\u0131za g\u00f6nderilen yaz\u0131da,\u00a0Ticaret Bakanl\u0131\u011f\u0131&#8217;n\u0131n 24.02.2023 tarih ve 83092582 say\u0131l\u0131 yaz\u0131s\u0131na atfen,\u00a0\u0130lgide kay\u0131tl\u0131 yaz\u0131da, Dominik Cumhuriyeti&#8217;nde bulunan Puerto Plata Ticaret ve \u00dcretim Odas\u0131 taraf\u0131ndan 7-8 Mart 2023 tarihlerinde Blue Jacktar Oteli&#8217;nde 2023 Puerto Plata \u0130\u015f Forumu&#8217;nun ger\u00e7ekle\u015ftirilece\u011fi bildirilmektedir.<\/p>\n<p>Foruma ili\u015fkin tan\u0131t\u0131m bro\u015f\u00fcr\u00fc ekte yer almaktad\u0131r.<\/p>\n<p><a href=\"http:\/\/www.elazigtso.org.tr\/public\/docs_oda\/duyuru\/13.0\/2023%20Puerto%20Plata%20%20Forumu.pdf\" target=\"_blank\" rel=\"noopener\">Ek:\u00a02023 Puerto Plata \u0130\u015f Forumu<\/a><\/p>\n<p>Sayg\u0131lar\u0131m\u0131zla,<\/p>\n<p>Elaz\u0131\u011f Ticaret ve Sanayi Odas\u0131<\/p>\n<p>\u00a0<\/p>\n<p>Bu duyuru 224 defa okundu. <\/p>\n<p>Ekleme Tarihi :2023-03-02 10:32:00 <\/p>\n<\/p><\/div>\n","protected":false},"excerpt":{"rendered":"<p>Say\u0131n \u00dcyemiz, TOBB taraf\u0131ndan Odam\u0131za g\u00f6nderilen yaz\u0131da,\u00a0Ticaret Bakanl\u0131\u011f\u0131&#8217;n\u0131n 24.02.2023 tarih ve 83092582 say\u0131l\u0131 yaz\u0131s\u0131na atfen,\u00a0\u0130lgide kay\u0131tl\u0131 yaz\u0131da, Dominik Cumhuriyeti&#8217;nde bulunan Puerto Plata Ticaret ve \u00dcretim Odas\u0131 taraf\u0131ndan 7-8 Mart 2023 tarihlerinde Blue Jacktar Oteli&#8217;nde 2023 Puerto Plata \u0130\u015f Forumu&#8217;nun ger\u00e7ekle\u015ftirilece\u011fi bildirilmektedir. Foruma ili\u015fkin tan\u0131t\u0131m bro\u015f\u00fcr\u00fc ekte yer almaktad\u0131r. Ek:\u00a02023 Puerto Plata \u0130\u015f Forumu Sayg\u0131lar\u0131m\u0131zla, Elaz\u0131\u011f [&hellip;]<\/p>\n","protected":false},"author":1,"featured_media":5650,"comment_status":"open","ping_status":"open","sticky":false,"template":"","format":"standard","meta":{"_jetpack_memberships_contains_paid_content":false,"footnotes":""},"categories":[3],"tags":[],"class_list":["post-5626","post","type-post","status-publish","format-standard","has-post-thumbnail","hentry","category-duyuru"],"jetpack_sharing_enabled":true,"jetpack_featured_media_url":"https:\/\/elazigtso.org.tr\/tr\/wp-content\/uploads\/2023\/07\/logo_news-80.jpg","_links":{"self":[{"href":"https:\/\/elazigtso.org.tr\/tr\/index.php\/wp-json\/wp\/v2\/posts\/5626","targetHints":{"allow":["GET"]}}],"collection":[{"href":"https:\/\/elazigtso.org.tr\/tr\/index.php\/wp-json\/wp\/v2\/posts"}],"about":[{"href":"https:\/\/elazigtso.org.tr\/tr\/index.php\/wp-json\/wp\/v2\/types\/post"}],"author":[{"embeddable":true,"href":"https:\/\/elazigtso.org.tr\/tr\/index.php\/wp-json\/wp\/v2\/users\/1"}],"replies":[{"embeddable":true,"href":"https:\/\/elazigtso.org.tr\/tr\/index.php\/wp-json\/wp\/v2\/comments?post=5626"}],"version-history":[{"count":0,"href":"https:\/\/elazigtso.org.tr\/tr\/index.php\/wp-json\/wp\/v2\/posts\/5626\/revisions"}],"wp:featuredmedia":[{"embeddable":true,"href":"https:\/\/elazigtso.org.tr\/tr\/index.php\/wp-json\/wp\/v2\/media\/5650"}],"wp:attachment":[{"href":"https:\/\/elazigtso.org.tr\/tr\/index.php\/wp-json\/wp\/v2\/media?parent=5626"}],"wp:term":[{"taxonomy":"category","embeddable":true,"href":"https:\/\/elazigtso.org.tr\/tr\/index.php\/wp-json\/wp\/v2\/categories?post=5626"},{"taxonomy":"post_tag","embeddable":true,"href":"https:\/\/elazigtso.org.tr\/tr\/index.php\/wp-json\/wp\/v2\/tags?post=5626"}],"curies":[{"name":"wp","href":"https:\/\/api.w.org\/{rel}","templated":true}]}}