{"id":5550,"date":"2023-07-27T16:26:27","date_gmt":"2023-07-27T13:26:27","guid":{"rendered":"http:\/\/elazigtso.com\/tr\/index.php\/2023\/07\/27\/isk-sodex-2023\/"},"modified":"2023-07-27T16:26:27","modified_gmt":"2023-07-27T13:26:27","slug":"isk-sodex-2023","status":"publish","type":"post","link":"https:\/\/elazigtso.org.tr\/tr\/index.php\/2023\/07\/27\/isk-sodex-2023\/","title":{"rendered":"ISK-SODEX 2023"},"content":{"rendered":"<\/p>\n<div class=\"content-detail\">\n<p>Say\u0131n \u00dcyemiz,<\/p>\n<p>TOBB taraf\u0131ndan Odam\u0131za g\u00f6nderilen yaz\u0131ya atfen,\u00a0TOBB T\u00fcrkiye \u0130klimlendirme Meclisi \u00dcyeleri taraf\u0131ndan desteklenen Uluslararas\u0131 Is\u0131tma, So\u011futma, Klima, Havaland\u0131rma, Yal\u0131t\u0131m, Pompa, Vana, Tesisat, Su Ar\u0131tma, Yang\u0131n, Havuz ve G\u00fcne\u015f Enerjisi Sistemleri Fuar\u0131 ISK-SODEX 2023, 25-28 Ekim 2023 tarihleri aras\u0131nda \u0130stanbul Fuar Merkezi&#8217;nde d\u00fczenlenecektir.<\/p>\n<p>Bu kapsamda, a\u015fa\u011f\u0131da tan\u0131t\u0131m yaz\u0131s\u0131 takdim edilmi\u015ftir.<\/p>\n<p style=\"text-align: center\"><b>ISK-SODEX<br \/>\n<\/b><\/p>\n<p style=\"text-align: center\"><b>Is\u0131tma, So\u011futma, Havaland\u0131rma Sekt\u00f6r\u00fcn\u00fcn En \u00d6nemli Bulu\u015fma Noktas\u0131<\/b><\/p>\n<p style=\"text-align: center\">\n<div style=\"text-align: justify\">Hannover Messe Sodeks Fuarc\u0131l\u0131k A.\u015e. taraf\u0131ndan organize edilen Uluslararas\u0131 Is\u0131tma, So\u011futma,<br \/>\nKlima, Havaland\u0131rma, Yal\u0131t\u0131m, Pompa, Vana, Tesisat, Su Ar\u0131tma, Yang\u0131n, Havuz ve G\u00fcne\u015f Enerjisi<br \/>\nSistemleri Fuar\u0131 <b>ISK-SODEX 2023, 25-28 Ekim 2023<\/b> tarihleri aras\u0131nda <b>\u0130stanbul Fuar Merkezi<\/b>&#8216;nde<br \/>\nd\u00fczenlenecektir.<\/div>\n<div style=\"text-align: justify\"><\/div>\n<div style=\"text-align: justify\">Bu y\u0131l 16.&#8217;s\u0131 ger\u00e7ekle\u015fecek olan fuar, yurti\u00e7i ve yurtd\u0131\u015f\u0131nda y\u00fcr\u00fct\u00fclen etkin tan\u0131t\u0131m \u00e7al\u0131\u015fmalar\u0131; t\u00fcm<br \/>\nd\u00fcnyada sekt\u00f6r\u00fcn \u00f6nemli bas\u0131n mecralar\u0131 ve dernekleri ile ger\u00e7ekle\u015ftirilen ba\u015far\u0131l\u0131 i\u015f birlikleri; hedef<br \/>\n\u00fclke-hedef sekt\u00f6r e\u015fle\u015ftirmesi paralelinde planlanan uluslararas\u0131 sat\u0131n almac\u0131 grup organizasyonlar\u0131<br \/>\nve \u00f6zel olu\u015fturulacak B2B ikili g\u00f6r\u00fc\u015fmeler ile \u0131s\u0131tma, so\u011futma, klima, havaland\u0131rma sekt\u00f6rlerinin<br \/>\nAvrasya b\u00f6lgesindeki lider fuar\u0131 olma konumunu peki\u015ftirmeyi hedeflemektedir.<\/div>\n<div style=\"text-align: justify\"><\/div>\n<div style=\"text-align: justify\">Kat\u0131l\u0131mc\u0131 ve ziyaret\u00e7ilerinin beklentileri dikkate al\u0131narak \u015fekillenen ISK-SODEX 2023, tasar\u0131mc\u0131,<br \/>\nuygulay\u0131c\u0131 ve tedarik\u00e7iler ile sekt\u00f6r\u00fcn t\u00fcm bile\u015fenlerini bir araya getirerek mevcut i\u015f birliklerinin<br \/>\ngeli\u015ftirilmesi ve yeni i\u015f ba\u011flant\u0131lar\u0131n\u0131n kurulmas\u0131 i\u00e7in en uygun ortam\u0131 sa\u011flamay\u0131 ama\u00e7lamaktad\u0131r.<\/div>\n<div style=\"text-align: justify\"><\/div>\n<div style=\"text-align: justify\"><b><u>ISK-SODEX 2023 Fuar\u0131&#8217;n\u0131n E\u015f Organizat\u00f6rleri<\/u><\/b><\/div>\n<div style=\"text-align: justify\">ISKAV (Is\u0131tma, So\u011futma, Klima Ara\u015ft\u0131rma ve E\u011fitim Vakf\u0131)<\/div>\n<div style=\"text-align: justify\">DOS\u0130DER (Do\u011falgaz Cihazlar\u0131 Sanayicileri ve \u0130\u015f Adamlar\u0131 Derne\u011fi)\n<\/div>\n<div style=\"text-align: justify\">\u0130SK\u0130D (\u0130klimlendirme So\u011futma Klima \u0130malat\u00e7\u0131lar\u0131 Derne\u011fi)\n<\/div>\n<div style=\"text-align: justify\">\u0130ZODER (Is\u0131, Su, Ses ve Yang\u0131n Yal\u0131t\u0131mc\u0131lar\u0131 Derne\u011fi)\n<\/div>\n<div style=\"text-align: justify\">TTMD (T\u00fcrk Tesisat M\u00fchendisleri Derne\u011fi)\u00a0<\/div>\n<div style=\"text-align: justify\"><b><u><br \/><\/u><\/b><\/div>\n<div style=\"text-align: justify\"><b><u>ISK-SODEX 2023 Fuar\u0131&#8217;n\u0131n Destekleyen Dernekleri<\/u><\/b><\/div>\n<div style=\"text-align: justify\">POMSAD (Pompa Vana Sanayicileri Derne\u011fi)\n<\/div>\n<div style=\"text-align: justify\">SOS\u0130AD (So\u011futma Sanayii \u0130\u015f Adamlar\u0131 Derne\u011fi)\n<\/div>\n<div style=\"text-align: justify\">ESS\u0130AD (Ege So\u011futma Sanayicileri ve \u0130\u015f Adamlar\u0131 Derne\u011fi)\n<\/div>\n<div style=\"text-align: justify\">MTMD (Mekanik Tesisat M\u00fcteahhitleri Derne\u011fi)\n<\/div>\n<div style=\"text-align: justify\">KBSB (Kazan ve Bas\u0131n\u00e7l\u0131 Kap Sanayicileri Birli\u011fi)<\/div>\n<div style=\"text-align: justify\"><b><u><br \/><\/u><\/b><\/div>\n<div style=\"text-align: justify\"><b>ISK-SODEX 2021 Fuar\u0131 Hakk\u0131nda Genel Bilgi<\/b><\/div>\n<div style=\"text-align: justify\">ISK-SODEX 2021 Fuar\u0131 toplam 36.093 m2 net alanda ziyarete a\u00e7\u0131lm\u0131\u015ft\u0131r. 11 salonda 27 \u00fclkeden 812<br \/>\nkat\u0131l\u0131mc\u0131 yer alm\u0131\u015ft\u0131r.\n<\/div>\n<div style=\"text-align: justify\">ISK-SODEX 2021 Fuar\u0131&#8217;n\u0131 Avrupa, Orta Do\u011fu, Rusya, CIS \u00dclkeleri, Orta Asya ve Afrika gibi sekt\u00f6r\u00fcn<br \/>\netkin b\u00f6lgelerinden toplam 95 \u00fclkeden 12.734\u2019\u00fc yabanc\u0131 olmak \u00fczere 86.217 ki\u015fi ziyaret etmi\u015ftir.\n<\/div>\n<div style=\"text-align: justify\"><\/div>\n<div style=\"text-align: justify\">Detayl\u0131 bilgi i\u00e7in www.sodex.com.tr web sitesini ziyaret edebilirsiniz<\/div>\n<div style=\"text-align: justify\"><span style=\"text-align: center\"><br \/><\/span><\/div>\n<div style=\"text-align: justify\"><span style=\"text-align: center\">Sayg\u0131lar\u0131m\u0131zla,<\/span><u><br \/><\/u><\/div>\n<div>Elaz\u0131\u011f Ticaret ve Sanayi Odas\u0131<\/div>\n<p style=\"text-align: center\"><\/p>\n<p>\u00a0<\/p>\n<p>Bu duyuru 309 defa okundu. <\/p>\n<p>Ekleme Tarihi :2022-12-23 04:05:00 <\/p>\n<\/p><\/div>\n","protected":false},"excerpt":{"rendered":"<p>Say\u0131n \u00dcyemiz, TOBB taraf\u0131ndan Odam\u0131za g\u00f6nderilen yaz\u0131ya atfen,\u00a0TOBB T\u00fcrkiye \u0130klimlendirme Meclisi \u00dcyeleri taraf\u0131ndan desteklenen Uluslararas\u0131 Is\u0131tma, So\u011futma, Klima, Havaland\u0131rma, Yal\u0131t\u0131m, Pompa, Vana, Tesisat, Su Ar\u0131tma, Yang\u0131n, Havuz ve G\u00fcne\u015f Enerjisi Sistemleri Fuar\u0131 ISK-SODEX 2023, 25-28 Ekim 2023 tarihleri aras\u0131nda \u0130stanbul Fuar Merkezi&#8217;nde d\u00fczenlenecektir. Bu kapsamda, a\u015fa\u011f\u0131da tan\u0131t\u0131m yaz\u0131s\u0131 takdim edilmi\u015ftir. ISK-SODEX Is\u0131tma, So\u011futma, Havaland\u0131rma Sekt\u00f6r\u00fcn\u00fcn [&hellip;]<\/p>\n","protected":false},"author":1,"featured_media":5650,"comment_status":"open","ping_status":"open","sticky":false,"template":"","format":"standard","meta":{"_jetpack_memberships_contains_paid_content":false,"footnotes":""},"categories":[3],"tags":[],"class_list":["post-5550","post","type-post","status-publish","format-standard","has-post-thumbnail","hentry","category-duyuru"],"jetpack_sharing_enabled":true,"jetpack_featured_media_url":"https:\/\/elazigtso.org.tr\/tr\/wp-content\/uploads\/2023\/07\/logo_news-80.jpg","_links":{"self":[{"href":"https:\/\/elazigtso.org.tr\/tr\/index.php\/wp-json\/wp\/v2\/posts\/5550","targetHints":{"allow":["GET"]}}],"collection":[{"href":"https:\/\/elazigtso.org.tr\/tr\/index.php\/wp-json\/wp\/v2\/posts"}],"about":[{"href":"https:\/\/elazigtso.org.tr\/tr\/index.php\/wp-json\/wp\/v2\/types\/post"}],"author":[{"embeddable":true,"href":"https:\/\/elazigtso.org.tr\/tr\/index.php\/wp-json\/wp\/v2\/users\/1"}],"replies":[{"embeddable":true,"href":"https:\/\/elazigtso.org.tr\/tr\/index.php\/wp-json\/wp\/v2\/comments?post=5550"}],"version-history":[{"count":0,"href":"https:\/\/elazigtso.org.tr\/tr\/index.php\/wp-json\/wp\/v2\/posts\/5550\/revisions"}],"wp:featuredmedia":[{"embeddable":true,"href":"https:\/\/elazigtso.org.tr\/tr\/index.php\/wp-json\/wp\/v2\/media\/5650"}],"wp:attachment":[{"href":"https:\/\/elazigtso.org.tr\/tr\/index.php\/wp-json\/wp\/v2\/media?parent=5550"}],"wp:term":[{"taxonomy":"category","embeddable":true,"href":"https:\/\/elazigtso.org.tr\/tr\/index.php\/wp-json\/wp\/v2\/categories?post=5550"},{"taxonomy":"post_tag","embeddable":true,"href":"https:\/\/elazigtso.org.tr\/tr\/index.php\/wp-json\/wp\/v2\/tags?post=5550"}],"curies":[{"name":"wp","href":"https:\/\/api.w.org\/{rel}","templated":true}]}}