{"id":5509,"date":"2023-07-27T16:09:27","date_gmt":"2023-07-27T13:09:27","guid":{"rendered":"http:\/\/elazigtso.com\/tr\/index.php\/2023\/07\/27\/4-kamu-alimlari-sempozyumu\/"},"modified":"2023-07-27T16:09:27","modified_gmt":"2023-07-27T13:09:27","slug":"4-kamu-alimlari-sempozyumu","status":"publish","type":"post","link":"https:\/\/elazigtso.org.tr\/tr\/index.php\/2023\/07\/27\/4-kamu-alimlari-sempozyumu\/","title":{"rendered":"4. Kamu Al\u0131mlar\u0131 Sempozyumu"},"content":{"rendered":"<\/p>\n<div class=\"content-detail\">\n<p>Say\u0131n \u00dcyemiz,<\/p>\n<p>TOBB taraf\u0131ndan Odam\u0131za g\u00f6nderilen yaz\u0131ya atfen,\u00a0Kamu al\u0131mlar\u0131na ili\u015fkin g\u00fcncel geli\u015fmeleri payla\u015fmak ve sekt\u00f6r sorunlar\u0131n\u0131 ele alarak, \u00e7\u00f6z\u00fcm \u00f6nerilerini isti\u015fare etmek amac\u0131yla Birli\u011fimiz, Kamu \u0130hale Kurumu ile TOBB Ekonomi ve Teknoloji \u00dcniversitesi i\u015fbirli\u011finde 14-15 Aral\u0131k 2022 tarihlerinde TOBB \u0130kiz Kuleler\/Ankara&#8217;da &#8220;4. Kamu Al\u0131mlar\u0131 Sempozyumu&#8221; ger\u00e7ekle\u015ftirilecektir.\u00a0<\/p>\n<p>Hazine ve Maliye Bakan\u0131 Say\u0131n Dr. Nurettin Nebati ile Birli\u011fimiz Ba\u015fkan\u0131 Say\u0131n M. Rifat Hisarc\u0131kl\u0131o\u011flu&#8217;nun<br \/>\nkat\u0131l\u0131m\u0131 ile ger\u00e7ekle\u015ftirilecek sempozyumda;<\/p>\n<p>&#8211; Mal, hizmet ile dan\u0131\u015fmanl\u0131k hizmet al\u0131m\u0131 ve yap\u0131m i\u015fleri ihalelerinde g\u00fcncel geli\u015fmeler, sorunlar ve<br \/>\n\u00f6neriler,\n<\/p>\n<p>&#8211; Kamu \u0130hale Kurumu ve kamu al\u0131mlar\u0131na genel bak\u0131\u015f,\n<\/p>\n<p>&#8211; Elektronik Kamu Al\u0131mlar\u0131 Platformu ve kamu al\u0131mlar\u0131nda dijital d\u00f6n\u00fc\u015f\u00fcm,\n<\/p>\n<p>&#8211; Kamu ihale s\u00f6zle\u015fme uygulamalar\u0131nda g\u00fcncel geli\u015fmeler ile\n<\/p>\n<p>&#8211; Kalk\u0131nmada kamu al\u0131mlar\u0131n\u0131n rol\u00fc<br \/>\nkonular\u0131 g\u00f6r\u00fc\u015f\u00fclecektir. Sempozyuma ili\u015fkin detayl\u0131 program ekte sunulmaktad\u0131r.<\/p>\n<p>Sempozyuma kat\u0131l\u0131m i\u00e7in 9 Aral\u0131k 2022 Cuma g\u00fcn\u00fc mesai bitimine kadar<br \/>\nhttps:\/\/ihale.gov.tr\/Sempozyum\/KatilimciKayit.aspx adresinden kay\u0131t olunmas\u0131 gerekmektedir.<\/p>\n<p>Bilgilerinizi, sempozyuma kat\u0131lman\u0131z\u0131; sempozyumu sosyal medya ve internet sitenizde payla\u015fman\u0131z\u0131,<br \/>\n\u00fcyelerinize duyurarak kat\u0131l\u0131mlar\u0131n\u0131 sa\u011flaman\u0131z\u0131 rica ederim.<\/p>\n<p><a href=\"http:\/\/www.elazigtso.org.tr\/public\/docs_oda\/duyuru\/09.12\/4.%20Kamu%20Al%C4%B1mlar%C4%B1%20Sempozyumu.pdf\" target=\"_blank\" rel=\"noopener\">Ek:\u00a04. Kamu Al\u0131mlar\u0131 Sempozyumu<\/a><\/p>\n<p>Sayg\u0131lar\u0131m\u0131zla,<\/p>\n<p>Elaz\u0131\u011f Ticaret ve Sanayi Odas\u0131<\/p>\n<p><\/p>\n<p>\u00a0<\/p>\n<p>Bu duyuru 487 defa okundu. <\/p>\n<p>Ekleme Tarihi :2022-12-06 02:31:00 <\/p>\n<\/p><\/div>\n","protected":false},"excerpt":{"rendered":"<p>Say\u0131n \u00dcyemiz, TOBB taraf\u0131ndan Odam\u0131za g\u00f6nderilen yaz\u0131ya atfen,\u00a0Kamu al\u0131mlar\u0131na ili\u015fkin g\u00fcncel geli\u015fmeleri payla\u015fmak ve sekt\u00f6r sorunlar\u0131n\u0131 ele alarak, \u00e7\u00f6z\u00fcm \u00f6nerilerini isti\u015fare etmek amac\u0131yla Birli\u011fimiz, Kamu \u0130hale Kurumu ile TOBB Ekonomi ve Teknoloji \u00dcniversitesi i\u015fbirli\u011finde 14-15 Aral\u0131k 2022 tarihlerinde TOBB \u0130kiz Kuleler\/Ankara&#8217;da &#8220;4. Kamu Al\u0131mlar\u0131 Sempozyumu&#8221; ger\u00e7ekle\u015ftirilecektir.\u00a0 Hazine ve Maliye Bakan\u0131 Say\u0131n Dr. Nurettin Nebati ile [&hellip;]<\/p>\n","protected":false},"author":1,"featured_media":5650,"comment_status":"open","ping_status":"open","sticky":false,"template":"","format":"standard","meta":{"_jetpack_memberships_contains_paid_content":false,"footnotes":""},"categories":[3],"tags":[],"class_list":["post-5509","post","type-post","status-publish","format-standard","has-post-thumbnail","hentry","category-duyuru"],"jetpack_sharing_enabled":true,"jetpack_featured_media_url":"https:\/\/elazigtso.org.tr\/tr\/wp-content\/uploads\/2023\/07\/logo_news-80.jpg","_links":{"self":[{"href":"https:\/\/elazigtso.org.tr\/tr\/index.php\/wp-json\/wp\/v2\/posts\/5509","targetHints":{"allow":["GET"]}}],"collection":[{"href":"https:\/\/elazigtso.org.tr\/tr\/index.php\/wp-json\/wp\/v2\/posts"}],"about":[{"href":"https:\/\/elazigtso.org.tr\/tr\/index.php\/wp-json\/wp\/v2\/types\/post"}],"author":[{"embeddable":true,"href":"https:\/\/elazigtso.org.tr\/tr\/index.php\/wp-json\/wp\/v2\/users\/1"}],"replies":[{"embeddable":true,"href":"https:\/\/elazigtso.org.tr\/tr\/index.php\/wp-json\/wp\/v2\/comments?post=5509"}],"version-history":[{"count":0,"href":"https:\/\/elazigtso.org.tr\/tr\/index.php\/wp-json\/wp\/v2\/posts\/5509\/revisions"}],"wp:featuredmedia":[{"embeddable":true,"href":"https:\/\/elazigtso.org.tr\/tr\/index.php\/wp-json\/wp\/v2\/media\/5650"}],"wp:attachment":[{"href":"https:\/\/elazigtso.org.tr\/tr\/index.php\/wp-json\/wp\/v2\/media?parent=5509"}],"wp:term":[{"taxonomy":"category","embeddable":true,"href":"https:\/\/elazigtso.org.tr\/tr\/index.php\/wp-json\/wp\/v2\/categories?post=5509"},{"taxonomy":"post_tag","embeddable":true,"href":"https:\/\/elazigtso.org.tr\/tr\/index.php\/wp-json\/wp\/v2\/tags?post=5509"}],"curies":[{"name":"wp","href":"https:\/\/api.w.org\/{rel}","templated":true}]}}