{"id":5505,"date":"2023-07-27T16:07:27","date_gmt":"2023-07-27T13:07:27","guid":{"rendered":"http:\/\/elazigtso.com\/tr\/index.php\/2023\/07\/27\/1-tesbih-ve-dogal-taslar-2022-fuari-hk\/"},"modified":"2023-07-27T16:07:27","modified_gmt":"2023-07-27T13:07:27","slug":"1-tesbih-ve-dogal-taslar-2022-fuari-hk","status":"publish","type":"post","link":"https:\/\/elazigtso.org.tr\/tr\/index.php\/2023\/07\/27\/1-tesbih-ve-dogal-taslar-2022-fuari-hk\/","title":{"rendered":"1. Tesbih ve Do\u011fal Ta\u015flar 2022 Fuar\u0131 hk."},"content":{"rendered":"<\/p>\n<div class=\"content-detail\">\n<p>Say\u0131n \u00dcyemiz,<\/p>\n<p>TOBB taraf\u0131ndan Odam\u0131za g\u00f6nderilen yaz\u0131ya atfen,\u00a022-25 Aral\u0131k 2022 tarihlerinde &#8220;1. Tesbih ve Do\u011fal Ta\u015flar 2022 Fuar\u0131&#8221; T\u00fcyap Adana Uluslararas\u0131 Fuar ve Kongre Merkezi&#8217;nde ger\u00e7ekle\u015ftirilecektir.<\/p>\n<p>Sayg\u0131lar\u0131m\u0131zla,<\/p>\n<p>Elaz\u0131\u011f Ticaret ve Sanayi Odas\u0131<\/p>\n<p>\u00a0<\/p>\n<p>Bu duyuru 378 defa okundu. <\/p>\n<p>Ekleme Tarihi :2022-12-05 10:41:00 <\/p>\n<\/p><\/div>\n","protected":false},"excerpt":{"rendered":"<p>Say\u0131n \u00dcyemiz, TOBB taraf\u0131ndan Odam\u0131za g\u00f6nderilen yaz\u0131ya atfen,\u00a022-25 Aral\u0131k 2022 tarihlerinde &#8220;1. Tesbih ve Do\u011fal Ta\u015flar 2022 Fuar\u0131&#8221; T\u00fcyap Adana Uluslararas\u0131 Fuar ve Kongre Merkezi&#8217;nde ger\u00e7ekle\u015ftirilecektir. Sayg\u0131lar\u0131m\u0131zla, Elaz\u0131\u011f Ticaret ve Sanayi Odas\u0131 \u00a0 Bu duyuru 378 defa okundu. Ekleme Tarihi :2022-12-05 10:41:00<\/p>\n","protected":false},"author":1,"featured_media":5650,"comment_status":"open","ping_status":"open","sticky":false,"template":"","format":"standard","meta":{"_jetpack_memberships_contains_paid_content":false,"footnotes":""},"categories":[3],"tags":[],"class_list":["post-5505","post","type-post","status-publish","format-standard","has-post-thumbnail","hentry","category-duyuru"],"jetpack_sharing_enabled":true,"jetpack_featured_media_url":"https:\/\/elazigtso.org.tr\/tr\/wp-content\/uploads\/2023\/07\/logo_news-80.jpg","_links":{"self":[{"href":"https:\/\/elazigtso.org.tr\/tr\/index.php\/wp-json\/wp\/v2\/posts\/5505","targetHints":{"allow":["GET"]}}],"collection":[{"href":"https:\/\/elazigtso.org.tr\/tr\/index.php\/wp-json\/wp\/v2\/posts"}],"about":[{"href":"https:\/\/elazigtso.org.tr\/tr\/index.php\/wp-json\/wp\/v2\/types\/post"}],"author":[{"embeddable":true,"href":"https:\/\/elazigtso.org.tr\/tr\/index.php\/wp-json\/wp\/v2\/users\/1"}],"replies":[{"embeddable":true,"href":"https:\/\/elazigtso.org.tr\/tr\/index.php\/wp-json\/wp\/v2\/comments?post=5505"}],"version-history":[{"count":0,"href":"https:\/\/elazigtso.org.tr\/tr\/index.php\/wp-json\/wp\/v2\/posts\/5505\/revisions"}],"wp:featuredmedia":[{"embeddable":true,"href":"https:\/\/elazigtso.org.tr\/tr\/index.php\/wp-json\/wp\/v2\/media\/5650"}],"wp:attachment":[{"href":"https:\/\/elazigtso.org.tr\/tr\/index.php\/wp-json\/wp\/v2\/media?parent=5505"}],"wp:term":[{"taxonomy":"category","embeddable":true,"href":"https:\/\/elazigtso.org.tr\/tr\/index.php\/wp-json\/wp\/v2\/categories?post=5505"},{"taxonomy":"post_tag","embeddable":true,"href":"https:\/\/elazigtso.org.tr\/tr\/index.php\/wp-json\/wp\/v2\/tags?post=5505"}],"curies":[{"name":"wp","href":"https:\/\/api.w.org\/{rel}","templated":true}]}}