{"id":5504,"date":"2023-07-27T16:06:54","date_gmt":"2023-07-27T13:06:54","guid":{"rendered":"http:\/\/elazigtso.com\/tr\/index.php\/2023\/07\/27\/turk-ihrac-urunleri-fuari-suudi-arabistan\/"},"modified":"2023-07-27T16:06:54","modified_gmt":"2023-07-27T13:06:54","slug":"turk-ihrac-urunleri-fuari-suudi-arabistan","status":"publish","type":"post","link":"https:\/\/elazigtso.org.tr\/tr\/index.php\/2023\/07\/27\/turk-ihrac-urunleri-fuari-suudi-arabistan\/","title":{"rendered":"T\u00fcrk \u0130hra\u00e7 \u00dcr\u00fcnleri Fuar\u0131 Suudi Arabistan"},"content":{"rendered":"<\/p>\n<div class=\"content-detail\">\n<p>Say\u0131n \u00dcyemiz,<\/p>\n<p>TOBB taraf\u0131ndan Odam\u0131za g\u00f6nderilen yaz\u0131da,\u00a0Ticaret Bakanl\u0131\u011f\u0131&#8217;n\u0131n 24.11.2022 tarih ve E-82877844-454.09-00080296766 say\u0131l\u0131 yaz\u0131s\u0131na atfen,\u00a0\u0130lgide kay\u0131tl\u0131 yaz\u0131da, 19-21 Mart 2023 tarihleri aras\u0131nda \u0130stanbul Maden ve Metaller Genel Sekreterli\u011fi organizat\u00f6rl\u00fc\u011f\u00fc ve Ticaret Bakanl\u0131\u011f\u0131 destekleri ile Suudi Arabistan T\u00fcrk \u0130hra\u00e7 \u00dcr\u00fcnleri Fuar\u0131n\u0131n Riyad&#8217;da ger\u00e7ekle\u015ftirilece\u011fi belirtilmektedir.<\/p>\n<p>Yaz\u0131da devamla, an\u0131lan fuar\u0131n t\u00fcm sekt\u00f6rleri kapsayacak \u015fekilde genel ticaret fuar\u0131 niteli\u011finde olup firma<br \/>\ntemsilcilerimizin kat\u0131l\u0131m\u0131 ile ikili i\u015f g\u00f6r\u00fc\u015fmelerinin de d\u00fczenlenece\u011fi kaydedilmektedir. S\u00f6z konusu fuara stant<br \/>\nile kat\u0131l\u0131m sa\u011flamak isteyen firmalar\u0131n a\u015fa\u011f\u0131da bilgileri yer alan adrese y\u00f6nlendirilmesi gerekmektedir.<\/p>\n<p>Ad-Soyad: Havva DEN\u0130Z &#8211; Ali B\u0130LG\u0130\n<\/p>\n<p>Telefon: 0212 454 06 72 \/ 0212 454 07 82\n<\/p>\n<p>E-posta: havva.deniz@immib.org.tr \/ ali.bilgi@immib.org.tr<\/p>\n<\/p>\n<p>Duyuru Linki: <a href=\"https:\/\/immib.org.tr\/tr\/suudi-arabistan-turk-ihrac-urunleri-fuari-duyurusu\">https:\/\/immib.org.tr\/tr\/suudi-arabistan-turk-ihrac-urunleri-fuari-duyurusu<\/a><\/p>\n<\/p>\n<p>Kat\u0131l\u0131m formu: <a href=\"https:\/\/turkexpo.immib.org.tr\/\">https:\/\/turkexpo.immib.org.tr\/<\/a><a href=\"https:\/\/turkexpo.immib.org.tr\/\"><\/a><\/p>\n<p>Sayg\u0131lar\u0131m\u0131zla,<\/p>\n<p>Elaz\u0131\u011f Ticaret ve Sanayi Odas\u0131<\/p>\n<p><\/p>\n<p>\u00a0<\/p>\n<p>Bu duyuru 302 defa okundu. <\/p>\n<p>Ekleme Tarihi :2022-12-05 10:35:00 <\/p>\n<\/p><\/div>\n","protected":false},"excerpt":{"rendered":"<p>Say\u0131n \u00dcyemiz, TOBB taraf\u0131ndan Odam\u0131za g\u00f6nderilen yaz\u0131da,\u00a0Ticaret Bakanl\u0131\u011f\u0131&#8217;n\u0131n 24.11.2022 tarih ve E-82877844-454.09-00080296766 say\u0131l\u0131 yaz\u0131s\u0131na atfen,\u00a0\u0130lgide kay\u0131tl\u0131 yaz\u0131da, 19-21 Mart 2023 tarihleri aras\u0131nda \u0130stanbul Maden ve Metaller Genel Sekreterli\u011fi organizat\u00f6rl\u00fc\u011f\u00fc ve Ticaret Bakanl\u0131\u011f\u0131 destekleri ile Suudi Arabistan T\u00fcrk \u0130hra\u00e7 \u00dcr\u00fcnleri Fuar\u0131n\u0131n Riyad&#8217;da ger\u00e7ekle\u015ftirilece\u011fi belirtilmektedir. Yaz\u0131da devamla, an\u0131lan fuar\u0131n t\u00fcm sekt\u00f6rleri kapsayacak \u015fekilde genel ticaret fuar\u0131 niteli\u011finde [&hellip;]<\/p>\n","protected":false},"author":1,"featured_media":5650,"comment_status":"open","ping_status":"open","sticky":false,"template":"","format":"standard","meta":{"_jetpack_memberships_contains_paid_content":false,"footnotes":""},"categories":[3],"tags":[],"class_list":["post-5504","post","type-post","status-publish","format-standard","has-post-thumbnail","hentry","category-duyuru"],"jetpack_sharing_enabled":true,"jetpack_featured_media_url":"https:\/\/elazigtso.org.tr\/tr\/wp-content\/uploads\/2023\/07\/logo_news-80.jpg","_links":{"self":[{"href":"https:\/\/elazigtso.org.tr\/tr\/index.php\/wp-json\/wp\/v2\/posts\/5504","targetHints":{"allow":["GET"]}}],"collection":[{"href":"https:\/\/elazigtso.org.tr\/tr\/index.php\/wp-json\/wp\/v2\/posts"}],"about":[{"href":"https:\/\/elazigtso.org.tr\/tr\/index.php\/wp-json\/wp\/v2\/types\/post"}],"author":[{"embeddable":true,"href":"https:\/\/elazigtso.org.tr\/tr\/index.php\/wp-json\/wp\/v2\/users\/1"}],"replies":[{"embeddable":true,"href":"https:\/\/elazigtso.org.tr\/tr\/index.php\/wp-json\/wp\/v2\/comments?post=5504"}],"version-history":[{"count":0,"href":"https:\/\/elazigtso.org.tr\/tr\/index.php\/wp-json\/wp\/v2\/posts\/5504\/revisions"}],"wp:featuredmedia":[{"embeddable":true,"href":"https:\/\/elazigtso.org.tr\/tr\/index.php\/wp-json\/wp\/v2\/media\/5650"}],"wp:attachment":[{"href":"https:\/\/elazigtso.org.tr\/tr\/index.php\/wp-json\/wp\/v2\/media?parent=5504"}],"wp:term":[{"taxonomy":"category","embeddable":true,"href":"https:\/\/elazigtso.org.tr\/tr\/index.php\/wp-json\/wp\/v2\/categories?post=5504"},{"taxonomy":"post_tag","embeddable":true,"href":"https:\/\/elazigtso.org.tr\/tr\/index.php\/wp-json\/wp\/v2\/tags?post=5504"}],"curies":[{"name":"wp","href":"https:\/\/api.w.org\/{rel}","templated":true}]}}