{"id":5499,"date":"2023-07-27T16:05:31","date_gmt":"2023-07-27T13:05:31","guid":{"rendered":"http:\/\/elazigtso.com\/tr\/index.php\/2023\/07\/27\/sifir-atik-yonetim-sistemi\/"},"modified":"2023-07-27T16:05:31","modified_gmt":"2023-07-27T13:05:31","slug":"sifir-atik-yonetim-sistemi","status":"publish","type":"post","link":"https:\/\/elazigtso.org.tr\/tr\/index.php\/2023\/07\/27\/sifir-atik-yonetim-sistemi\/","title":{"rendered":"S\u0131f\u0131r At\u0131k Y\u00f6netim Sistemi"},"content":{"rendered":"<\/p>\n<div class=\"content-detail\">\n<p>Say\u0131n \u00dcyemiz,<\/p>\n<p>Elaz\u0131\u011f Valili\u011fi \u00c7evre, \u015eehircilik ve \u0130klim De\u011fi\u015fikli\u011fi \u0130l M\u00fcd\u00fcrl\u00fc\u011f\u00fc taraf\u0131ndan Odam\u0131za g\u00f6nderilen yaz\u0131ya atfen, 12.07.2019 tarihli ve 30829 say\u0131l\u0131 Resmi Gazete&#8217;de yay\u0131mlanarak y\u00fcr\u00fcrl\u00fc\u011fe giren S\u0131f\u0131r At\u0131k Y\u00f6netmeli\u011fi&#8217;nin S\u0131f\u0131r At\u0131k Belgesi Alma Y\u00fck\u00fcml\u00fcl\u00fc\u011f\u00fc ba\u015fl\u0131kl\u0131 16. maddesinin 1. bendinde yer alan s\u0131f\u0131r at\u0131k y\u00f6netim sistemine kurmakla y\u00fck\u00fcml\u00fc EK-1 listedeki yerler, 17. maddede tan\u0131mlanan s\u00fcre\u00e7 do\u011frultusunda temel seviyede S\u0131f\u0131r At\u0131k belgesi almak zorundad\u0131r. Di\u011fer yerler ise talep etmeleri halinde temel seviyede belge almak i\u00e7in m\u00fcracaatta bulunabilir. H\u00fckm\u00fc gere\u011fince s\u0131f\u0131r at\u0131k y\u00f6netim sisteminin kurdurmakla y\u00fck\u00fcml\u00fcd\u00fcr.<\/p>\n<p>Bu ba\u011flamda, s\u00f6z konusu y\u00f6netmeli\u011fin EK-1 listesinde S\u0131f\u0131r At\u0131k Y\u00f6netim Sisteminin olu\u015fturulmas\u0131na y\u00f6nelik uygulama takviminde S\u0131f\u0131r At\u0131k Y\u00f6netim Sistemine kurdurmak amac\u0131yla Elaz\u0131\u011f Merkez ve \u0130l\u00e7elerde bulunan Odan\u0131za kay\u0131tl\u0131<\/p>\n<ul>\n<li>100 ve \u00fczeri ofis\/b\u00fcro kapasiteli i\u015f merkezi ve ticari plazalar,<\/li>\n<li>100 ve \u00fczeri \u00e7al\u0131\u015fan\u0131 olan i\u015f merkezi ve ticari plazalar,<\/li>\n<li>100&#8217;den az \u00e7al\u0131\u015fan\u0131 olan i\u015f merkezi ve ticari plazalar,<\/li>\n<li>100 oda ve \u00fcst\u00fc konaklama kapasiteli i\u015fletmeler,\u00a0<\/li>\n<li>50-99 aras\u0131 oda konaklama kapasiteli i\u015fletmeler,<\/li>\n<li>50&#8217;den az oda konaklama kapasiteli i\u015fletmeler,<\/li>\n<li>Laboratuvarlar, hukuk b\u00fcrolar\u0131, dernek, kooperatif, \u00e7evre dan\u0131\u015fmanl\u0131k firmalar\u0131 ve meslek kurulu\u015flar\u0131, t\u00fczel ki\u015fili\u011fe sahip kurulu\u015flar (50&#8217;den fazla \u00e7al\u0131\u015fan\u0131 bulunanlar)\u00a0<\/li>\n<li>Kafeterya ve restoranlar (400 m\u00b2 den fazla)<\/li>\n<li>Kargo \u015firketleri (da\u011f\u0131t\u0131m merkezleri ve \u015fubeleri)<\/li>\n<li>Zincir marketler,<\/li>\n<li>Akaryak\u0131t istasyonlar\u0131 ve dinlenme tesisleri<\/li>\n<\/ul>\n<p>27.11.2014 tarihli ve 29188 say\u0131l\u0131 resmi gazetede yay\u0131mlanan Mesafeli S\u00f6zle\u015fmeler Y\u00f6netmeli\u011fi kapsam\u0131nda ambalajl\u0131 \u00fcr\u00fcn sat\u0131\u015f\u0131 yapan yerlerin (da\u011f\u0131t\u0131m merkezleri ve \u015fubeleri) isim, adres ve ileti\u015fim bilgilerinin listesinin m\u00fcd\u00fcrl\u00fc\u011f\u00fcm\u00fcze g\u00f6nderilmesi,<\/p>\n<p><u>Ayr\u0131ca bu i\u015f yerlerine S\u0131f\u0131r At\u0131k Sistemine dahil olup S\u0131f\u0131r At\u0131k Ba\u015fvurular\u0131n\u0131 ivedilikle yapmalar\u0131 gerekmektedir.<\/u><\/p>\n<p>Sayg\u0131lar\u0131m\u0131zla,<\/p>\n<p>Elaz\u0131\u011f Ticaret ve Sanayi Odas\u0131<\/p>\n<p>\u00a0<\/p>\n<p>Bu duyuru 416 defa okundu. <\/p>\n<p>Ekleme Tarihi :2022-12-02 02:01:00 <\/p>\n<\/p><\/div>\n","protected":false},"excerpt":{"rendered":"<p>Say\u0131n \u00dcyemiz, Elaz\u0131\u011f Valili\u011fi \u00c7evre, \u015eehircilik ve \u0130klim De\u011fi\u015fikli\u011fi \u0130l M\u00fcd\u00fcrl\u00fc\u011f\u00fc taraf\u0131ndan Odam\u0131za g\u00f6nderilen yaz\u0131ya atfen, 12.07.2019 tarihli ve 30829 say\u0131l\u0131 Resmi Gazete&#8217;de yay\u0131mlanarak y\u00fcr\u00fcrl\u00fc\u011fe giren S\u0131f\u0131r At\u0131k Y\u00f6netmeli\u011fi&#8217;nin S\u0131f\u0131r At\u0131k Belgesi Alma Y\u00fck\u00fcml\u00fcl\u00fc\u011f\u00fc ba\u015fl\u0131kl\u0131 16. maddesinin 1. bendinde yer alan s\u0131f\u0131r at\u0131k y\u00f6netim sistemine kurmakla y\u00fck\u00fcml\u00fc EK-1 listedeki yerler, 17. maddede tan\u0131mlanan s\u00fcre\u00e7 do\u011frultusunda [&hellip;]<\/p>\n","protected":false},"author":1,"featured_media":5650,"comment_status":"open","ping_status":"open","sticky":false,"template":"","format":"standard","meta":{"_jetpack_memberships_contains_paid_content":false,"footnotes":""},"categories":[3],"tags":[],"class_list":["post-5499","post","type-post","status-publish","format-standard","has-post-thumbnail","hentry","category-duyuru"],"jetpack_sharing_enabled":true,"jetpack_featured_media_url":"https:\/\/elazigtso.org.tr\/tr\/wp-content\/uploads\/2023\/07\/logo_news-80.jpg","_links":{"self":[{"href":"https:\/\/elazigtso.org.tr\/tr\/index.php\/wp-json\/wp\/v2\/posts\/5499","targetHints":{"allow":["GET"]}}],"collection":[{"href":"https:\/\/elazigtso.org.tr\/tr\/index.php\/wp-json\/wp\/v2\/posts"}],"about":[{"href":"https:\/\/elazigtso.org.tr\/tr\/index.php\/wp-json\/wp\/v2\/types\/post"}],"author":[{"embeddable":true,"href":"https:\/\/elazigtso.org.tr\/tr\/index.php\/wp-json\/wp\/v2\/users\/1"}],"replies":[{"embeddable":true,"href":"https:\/\/elazigtso.org.tr\/tr\/index.php\/wp-json\/wp\/v2\/comments?post=5499"}],"version-history":[{"count":0,"href":"https:\/\/elazigtso.org.tr\/tr\/index.php\/wp-json\/wp\/v2\/posts\/5499\/revisions"}],"wp:featuredmedia":[{"embeddable":true,"href":"https:\/\/elazigtso.org.tr\/tr\/index.php\/wp-json\/wp\/v2\/media\/5650"}],"wp:attachment":[{"href":"https:\/\/elazigtso.org.tr\/tr\/index.php\/wp-json\/wp\/v2\/media?parent=5499"}],"wp:term":[{"taxonomy":"category","embeddable":true,"href":"https:\/\/elazigtso.org.tr\/tr\/index.php\/wp-json\/wp\/v2\/categories?post=5499"},{"taxonomy":"post_tag","embeddable":true,"href":"https:\/\/elazigtso.org.tr\/tr\/index.php\/wp-json\/wp\/v2\/tags?post=5499"}],"curies":[{"name":"wp","href":"https:\/\/api.w.org\/{rel}","templated":true}]}}