{"id":5497,"date":"2023-07-27T16:03:49","date_gmt":"2023-07-27T13:03:49","guid":{"rendered":"http:\/\/elazigtso.com\/tr\/index.php\/2023\/07\/27\/ihracat-bedellerinin-yurda-getirilmesi-turkiye-kktc-arasindaki-ticarette-yerel-paralarin-kullanilmasinin-yayginlastirilmasi\/"},"modified":"2023-07-27T16:03:49","modified_gmt":"2023-07-27T13:03:49","slug":"ihracat-bedellerinin-yurda-getirilmesi-turkiye-kktc-arasindaki-ticarette-yerel-paralarin-kullanilmasinin-yayginlastirilmasi","status":"publish","type":"post","link":"https:\/\/elazigtso.org.tr\/tr\/index.php\/2023\/07\/27\/ihracat-bedellerinin-yurda-getirilmesi-turkiye-kktc-arasindaki-ticarette-yerel-paralarin-kullanilmasinin-yayginlastirilmasi\/","title":{"rendered":"\u0130hracat Bedellerinin Yurda Getirilmesi (T\u00fcrkiye-KKTC Aras\u0131ndaki Ticarette Yerel Paralar\u0131n Kullan\u0131lmas\u0131n\u0131n Yayg\u0131nla\u015ft\u0131r\u0131lmas\u0131)"},"content":{"rendered":"<\/p>\n<div class=\"content-detail\">\n<p>Say\u0131n \u00dcyemiz,<\/p>\n<p>TOBB taraf\u0131ndan Odam\u0131za g\u00f6nderilen yaz\u0131da,\u00a0Ticaret Bakanl\u0131\u011f\u0131&#8217;ndan al\u0131nan 23.11.2022 tarihli ve 80288188 say\u0131l\u0131 yaz\u0131s\u0131na atfen,\u00a0Ekte bir \u00f6rne\u011fi sunulan ilgi yaz\u0131da, mer&#8217;i mevzuatta yap\u0131lan de\u011fi\u015fiklik ile Kuzey K\u0131br\u0131s T\u00fcrk Cumhuriyeti&#8217;ne yap\u0131lan ihracatta, g\u00fcmr\u00fck beyannamesinin 22 nci hanesinin T\u00fcrk liras\u0131 olarak beyan edilmi\u015f olmas\u0131 ve ihracata ili\u015fkin bedelin T\u00fcrk Liras\u0131 olarak tahsil edilmesinin zorunlu olaca\u011f\u0131 bilgisi verilmi\u015ftir.<\/p>\n<p>Yaz\u0131da ayr\u0131ca, <u>05.12.2022 tarihinden \u00f6nce<\/u> d\u00fczenlenen g\u00fcmr\u00fck beyannameleri ve bu kapsamda yap\u0131lan<br \/>\ntahsilatlar i\u00e7in ise bu \u015fart\u0131n aranmayaca\u011f\u0131 da belirtilmi\u015ftir.\u00a0<\/p>\n<p><a href=\"http:\/\/www.elazigtso.org.tr\/public\/docs_oda\/duyuru\/09.12\/%C4%B0hracat%20Bedellerinin%20Yurda%20Getirilmesi%20%28T%C3%BCrkiye-KKTC%20Aras%C4%B1ndaki%20Ticarette%20Yerel%20Paralar%C4%B1n%20Kullan%C4%B1lmas%C4%B1n%C4%B1n%20Yayg%C4%B1nla%C5%9Ft%C4%B1r%C4%B1lmas%C4%B1.pdf\" target=\"_blank\" rel=\"noopener\">Ek:\u00a0\u0130hracat Bedellerinin Yurda Getirilmesi<\/a><\/p>\n<p>Sayg\u0131lar\u0131m\u0131zla,<\/p>\n<p>Elaz\u0131\u011f Ticaret ve Sanayi Odas\u0131<\/p>\n<p>\u00a0<\/p>\n<p>Bu duyuru 271 defa okundu. <\/p>\n<p>Ekleme Tarihi :2022-11-29 03:39:00 <\/p>\n<\/p><\/div>\n","protected":false},"excerpt":{"rendered":"<p>Say\u0131n \u00dcyemiz, TOBB taraf\u0131ndan Odam\u0131za g\u00f6nderilen yaz\u0131da,\u00a0Ticaret Bakanl\u0131\u011f\u0131&#8217;ndan al\u0131nan 23.11.2022 tarihli ve 80288188 say\u0131l\u0131 yaz\u0131s\u0131na atfen,\u00a0Ekte bir \u00f6rne\u011fi sunulan ilgi yaz\u0131da, mer&#8217;i mevzuatta yap\u0131lan de\u011fi\u015fiklik ile Kuzey K\u0131br\u0131s T\u00fcrk Cumhuriyeti&#8217;ne yap\u0131lan ihracatta, g\u00fcmr\u00fck beyannamesinin 22 nci hanesinin T\u00fcrk liras\u0131 olarak beyan edilmi\u015f olmas\u0131 ve ihracata ili\u015fkin bedelin T\u00fcrk Liras\u0131 olarak tahsil edilmesinin zorunlu olaca\u011f\u0131 bilgisi [&hellip;]<\/p>\n","protected":false},"author":1,"featured_media":5650,"comment_status":"open","ping_status":"open","sticky":false,"template":"","format":"standard","meta":{"_jetpack_memberships_contains_paid_content":false,"footnotes":""},"categories":[3],"tags":[],"class_list":["post-5497","post","type-post","status-publish","format-standard","has-post-thumbnail","hentry","category-duyuru"],"jetpack_sharing_enabled":true,"jetpack_featured_media_url":"https:\/\/elazigtso.org.tr\/tr\/wp-content\/uploads\/2023\/07\/logo_news-80.jpg","_links":{"self":[{"href":"https:\/\/elazigtso.org.tr\/tr\/index.php\/wp-json\/wp\/v2\/posts\/5497","targetHints":{"allow":["GET"]}}],"collection":[{"href":"https:\/\/elazigtso.org.tr\/tr\/index.php\/wp-json\/wp\/v2\/posts"}],"about":[{"href":"https:\/\/elazigtso.org.tr\/tr\/index.php\/wp-json\/wp\/v2\/types\/post"}],"author":[{"embeddable":true,"href":"https:\/\/elazigtso.org.tr\/tr\/index.php\/wp-json\/wp\/v2\/users\/1"}],"replies":[{"embeddable":true,"href":"https:\/\/elazigtso.org.tr\/tr\/index.php\/wp-json\/wp\/v2\/comments?post=5497"}],"version-history":[{"count":0,"href":"https:\/\/elazigtso.org.tr\/tr\/index.php\/wp-json\/wp\/v2\/posts\/5497\/revisions"}],"wp:featuredmedia":[{"embeddable":true,"href":"https:\/\/elazigtso.org.tr\/tr\/index.php\/wp-json\/wp\/v2\/media\/5650"}],"wp:attachment":[{"href":"https:\/\/elazigtso.org.tr\/tr\/index.php\/wp-json\/wp\/v2\/media?parent=5497"}],"wp:term":[{"taxonomy":"category","embeddable":true,"href":"https:\/\/elazigtso.org.tr\/tr\/index.php\/wp-json\/wp\/v2\/categories?post=5497"},{"taxonomy":"post_tag","embeddable":true,"href":"https:\/\/elazigtso.org.tr\/tr\/index.php\/wp-json\/wp\/v2\/tags?post=5497"}],"curies":[{"name":"wp","href":"https:\/\/api.w.org\/{rel}","templated":true}]}}