{"id":5489,"date":"2023-07-27T16:01:39","date_gmt":"2023-07-27T13:01:39","guid":{"rendered":"http:\/\/elazigtso.com\/tr\/index.php\/2023\/07\/27\/hannover-messe-2023-fuari\/"},"modified":"2023-07-27T16:01:39","modified_gmt":"2023-07-27T13:01:39","slug":"hannover-messe-2023-fuari","status":"publish","type":"post","link":"https:\/\/elazigtso.org.tr\/tr\/index.php\/2023\/07\/27\/hannover-messe-2023-fuari\/","title":{"rendered":"Hannover Messe 2023 Fuar\u0131"},"content":{"rendered":"<\/p>\n<div class=\"content-detail\">\n<p>Say\u0131n \u00dcyemiz,<\/p>\n<p>TOBB taraf\u0131ndan Odam\u0131za g\u00f6nderilen yaz\u0131da,\u00a0\u0130stanbul Ticaret Odas\u0131&#8217;n\u0131n 24.11.2022 tarih ve 123010 say\u0131l\u0131 yaz\u0131s\u0131na atfen,\u00a0\u0130lgi yaz\u0131da, d\u00fcnyan\u0131n \u00f6nemli ve kapsaml\u0131 sanayi fuarlar\u0131 aras\u0131nda yer alan ve Almanya&#8217;n\u0131n Hannover \u015fehrinde d\u00fczenlenen HANNOVER MESSE Fuar\u0131&#8217;n\u0131n, 17-21 Nisan 2023 tarihleri aras\u0131nda ger\u00e7ekle\u015ftirilece\u011fi bildirilmekte olup, fuar\u0131n T\u00fcrkiye milli kat\u0131l\u0131m organizasyonunun \u0130stanbul Ticaret Odas\u0131 taraf\u0131ndan d\u00fczenlenece\u011fi belirtilmektedir.<\/p>\n<p>Hannover Messe 2023 Fuar\u0131 T\u00fcrkiye milli kat\u0131l\u0131m\u0131na;<\/p>\n<p>1- Ak\u0131\u015fkan G\u00fcc\u00fc, Hidrolik ve Pn\u00f6matik\n<\/p>\n<p>2- Dijital Ekosistemler\n<\/p>\n<p>3- Enerji\n<\/p>\n<p>4-Yan Sanayi ihtisas konular\u0131nda faaliyet g\u00f6steren firmalar\u0131m\u0131z i\u015ftirak edebilecektir.<\/p>\n<p>Detayl\u0131 bilgi ve kat\u0131l\u0131m s\u00f6zle\u015fmesi ekte iletilmekte olup, Fuar ile ilgili irtibat ki\u015fileri a\u015fa\u011f\u0131da yer almaktad\u0131r.<\/p>\n<p><b><u>\u0130rtibat:<\/u><\/b><\/p>\n<p>G\u00f6khan \u00c7apk\u0131n, Levent \u00c7ak\u0131r\n<\/p>\n<p>Tel.: 0212 455 61 16 ; 0212 455 62 39 ; GSM: 0533 959 30 57\n<\/p>\n<p>E-posta: gokhan.capkin@ito.org.tr, levent.cakir@ito.org.tr<\/p>\n<p><a href=\"http:\/\/www.elazigtso.org.tr\/public\/docs_oda\/duyuru\/09.12\/Hannover%20Messe%202023%20Fuar%C4%B1.pdf\" target=\"_blank\" rel=\"noopener\">Ek: Hannover Messe 2023 Fuar\u0131<\/a><\/p>\n<p>Sayg\u0131lar\u0131m\u0131zla,<\/p>\n<p>Elaz\u0131\u011f Ticaret ve Sanayi Odas\u0131<\/p>\n<\/p>\n<p>\u00a0<\/p>\n<p>Bu duyuru 174 defa okundu. <\/p>\n<p>Ekleme Tarihi :2022-11-28 03:58:00 <\/p>\n<\/p><\/div>\n","protected":false},"excerpt":{"rendered":"<p>Say\u0131n \u00dcyemiz, TOBB taraf\u0131ndan Odam\u0131za g\u00f6nderilen yaz\u0131da,\u00a0\u0130stanbul Ticaret Odas\u0131&#8217;n\u0131n 24.11.2022 tarih ve 123010 say\u0131l\u0131 yaz\u0131s\u0131na atfen,\u00a0\u0130lgi yaz\u0131da, d\u00fcnyan\u0131n \u00f6nemli ve kapsaml\u0131 sanayi fuarlar\u0131 aras\u0131nda yer alan ve Almanya&#8217;n\u0131n Hannover \u015fehrinde d\u00fczenlenen HANNOVER MESSE Fuar\u0131&#8217;n\u0131n, 17-21 Nisan 2023 tarihleri aras\u0131nda ger\u00e7ekle\u015ftirilece\u011fi bildirilmekte olup, fuar\u0131n T\u00fcrkiye milli kat\u0131l\u0131m organizasyonunun \u0130stanbul Ticaret Odas\u0131 taraf\u0131ndan d\u00fczenlenece\u011fi belirtilmektedir. Hannover Messe [&hellip;]<\/p>\n","protected":false},"author":1,"featured_media":5650,"comment_status":"open","ping_status":"open","sticky":false,"template":"","format":"standard","meta":{"_jetpack_memberships_contains_paid_content":false,"footnotes":""},"categories":[3],"tags":[],"class_list":["post-5489","post","type-post","status-publish","format-standard","has-post-thumbnail","hentry","category-duyuru"],"jetpack_sharing_enabled":true,"jetpack_featured_media_url":"https:\/\/elazigtso.org.tr\/tr\/wp-content\/uploads\/2023\/07\/logo_news-80.jpg","_links":{"self":[{"href":"https:\/\/elazigtso.org.tr\/tr\/index.php\/wp-json\/wp\/v2\/posts\/5489","targetHints":{"allow":["GET"]}}],"collection":[{"href":"https:\/\/elazigtso.org.tr\/tr\/index.php\/wp-json\/wp\/v2\/posts"}],"about":[{"href":"https:\/\/elazigtso.org.tr\/tr\/index.php\/wp-json\/wp\/v2\/types\/post"}],"author":[{"embeddable":true,"href":"https:\/\/elazigtso.org.tr\/tr\/index.php\/wp-json\/wp\/v2\/users\/1"}],"replies":[{"embeddable":true,"href":"https:\/\/elazigtso.org.tr\/tr\/index.php\/wp-json\/wp\/v2\/comments?post=5489"}],"version-history":[{"count":0,"href":"https:\/\/elazigtso.org.tr\/tr\/index.php\/wp-json\/wp\/v2\/posts\/5489\/revisions"}],"wp:featuredmedia":[{"embeddable":true,"href":"https:\/\/elazigtso.org.tr\/tr\/index.php\/wp-json\/wp\/v2\/media\/5650"}],"wp:attachment":[{"href":"https:\/\/elazigtso.org.tr\/tr\/index.php\/wp-json\/wp\/v2\/media?parent=5489"}],"wp:term":[{"taxonomy":"category","embeddable":true,"href":"https:\/\/elazigtso.org.tr\/tr\/index.php\/wp-json\/wp\/v2\/categories?post=5489"},{"taxonomy":"post_tag","embeddable":true,"href":"https:\/\/elazigtso.org.tr\/tr\/index.php\/wp-json\/wp\/v2\/tags?post=5489"}],"curies":[{"name":"wp","href":"https:\/\/api.w.org\/{rel}","templated":true}]}}