{"id":5488,"date":"2023-07-27T16:00:42","date_gmt":"2023-07-27T13:00:42","guid":{"rendered":"http:\/\/elazigtso.com\/tr\/index.php\/2023\/07\/27\/hirvatistanda-ticari-mal-ve-yolcu-tasimaciliginda-motorin-icin-odenen-ozel-tuketim-vergisinin-bir-kisminin-iade-hakki\/"},"modified":"2023-07-27T16:00:42","modified_gmt":"2023-07-27T13:00:42","slug":"hirvatistanda-ticari-mal-ve-yolcu-tasimaciliginda-motorin-icin-odenen-ozel-tuketim-vergisinin-bir-kisminin-iade-hakki","status":"publish","type":"post","link":"https:\/\/elazigtso.org.tr\/tr\/index.php\/2023\/07\/27\/hirvatistanda-ticari-mal-ve-yolcu-tasimaciliginda-motorin-icin-odenen-ozel-tuketim-vergisinin-bir-kisminin-iade-hakki\/","title":{"rendered":"H\u0131rvatistan\u2019da Ticari Mal ve Yolcu Ta\u015f\u0131mac\u0131l\u0131\u011f\u0131nda Motorin \u0130\u00e7in \u00d6denen \u00d6zel T\u00fcketim Vergisinin Bir K\u0131sm\u0131n\u0131n \u0130ade Hakk\u0131"},"content":{"rendered":"<\/p>\n<div class=\"content-detail\">\n<p>Say\u0131n \u00dcyemiz,<\/p>\n<p>TOBB taraf\u0131ndan Odam\u0131za g\u00f6nderilen yaz\u0131da,\u00a0Ticaret Bakanl\u0131\u011f\u0131&#8217;n\u0131n 22.11.2022 tarih ve 80227949 say\u0131l\u0131 yaz\u0131s\u0131,\u00a0\u0130lgi yaz\u0131da, T. C. Zagreb Ticaret M\u00fc\u015favirli\u011fi&#8217;nin yaz\u0131s\u0131na atfen, 16 Kas\u0131m 2022 tarihinde H\u0131rvatistan G\u00fcmr\u00fck \u0130daresi taraf\u0131ndan \u00d6TV k\u0131smi iadesinden T\u00fcrk ta\u015f\u0131mac\u0131lar\u0131n\u0131n yararlan\u0131p yararlanamayaca\u011f\u0131 hususuna ili\u015fkin olarak \u00f6zetle, T\u00fcrkiye&#8217;deki ticari i\u015fletmelerin, H\u0131rvatistan Cumhuriyeti&#8217;nde gayri nakdi \u00f6deme y\u00f6ntemiyle sat\u0131n ald\u0131klar\u0131 motorin i\u00e7in \u00f6dedikleri \u00d6TV&#8217;nin bir k\u0131sm\u0131n\u0131 \u00d6zel T\u00fcketim Vergileri Kanunu&#8217;nun 105. maddesi uyar\u0131nca geri alabilecekleri aktar\u0131lmaktad\u0131r.<\/p>\n<p>Yaz\u0131da devamla, \u00d6TV iadesinden yararlanmak i\u00e7in hak sahipleri siciline kay\u0131t yap\u0131lmas\u0131 gerekti\u011fi, \u00d6TV&#8217;nin<br \/>\niadesi i\u00e7in ilk ba\u015fvuru yap\u0131ld\u0131\u011f\u0131nda, hak lehtar\u0131n\u0131n yetkili g\u00fcmr\u00fck idaresince hak sahipleri siciline kaydedildi\u011fi<br \/>\nard\u0131ndan ticari e\u015fya ve yolcu ta\u015f\u0131mac\u0131l\u0131\u011f\u0131nda yak\u0131t olarak kullan\u0131lan motorin i\u00e7in \u00f6denen \u00d6TV&#8217;nin bir k\u0131sm\u0131n\u0131n<br \/>\niadesi talebi \u00fczerine i\u015flem ger\u00e7ekle\u015ftirildi\u011fi ifade edilmektedir. Bu itibarla, e\u015fya ta\u015f\u0131mac\u0131l\u0131\u011f\u0131 ve yolcu<br \/>\nta\u015f\u0131mac\u0131l\u0131\u011f\u0131nda \u00f6denen \u00d6TV&#8217;nin bir k\u0131sm\u0131n\u0131n iade tutar\u0131na ili\u015fkin bilgilere a\u015fa\u011f\u0131daki ba\u011flant\u0131dan<br \/>\nula\u015f\u0131labilece\u011fi; ayr\u0131ca hak sahiplerinin, \u00d6TV iadesi ba\u015fvurular\u0131n\u0131 ekleriyle birlikte a\u015fa\u011f\u0131daki adreslere elden<br \/>\nteslim etmelerinin veya posta yoluyla g\u00f6ndermelerinin m\u00fcmk\u00fcn oldu\u011fu iletilmektedir. Konuyla ilgili bilgi notu<br \/>\nekte yer almaktad\u0131r.<\/p>\n<ul>\n<li>\u00a0 <a href=\"https:\/\/carina.gov.hr\/featured\/excise-duty-refund-for-commercial-transport-of-goods-and-passengers6744\/6744\">https:\/\/carina.gov.hr\/featured\/excise-duty-refund-for-commercial-transport-of-goods-and-passengers6744\/6744<\/a><\/li>\n<li>B\u00f6lgesel G\u00fcmr\u00fck Ofisi Zagreb (Avenija Dubrovnik 11, 10 000 Zagreb-H\u0131rvatistan Cumhuriyeti)<\/li>\n<li>G\u00fcmr\u00fck Ofisi Vara\u017edin (Ulica bra\u0107e Krajanski 18, 42 000 Vara\u017edin- H\u0131rvatistan Cumhuriyeti)<\/li>\n<\/ul>\n<p><a href=\"http:\/\/www.elazigtso.org.tr\/public\/docs_oda\/duyuru\/09.12\/H%C4%B1rvatistanda%20Ticari%20Mal%20ve%20Yolcu%20Ta%C5%9F%C4%B1mac%C4%B1l%C4%B1%C4%9F%C4%B1nda%20Motorin%20%C4%B0%C3%A7in%20%C3%96denen%20%C3%96zel%20T%C3%BCketim%20Vergisinin%20Bir%20K%C4%B1sm%C4%B1n%C4%B1n%20%C4%B0ade%20Hakk%C4%B1.pdf\" target=\"_blank\" rel=\"noopener\">Ek:\u00a0H\u0131rvatistan\u2019da Ticari Mal ve Yolcu Ta\u015f\u0131mac\u0131l\u0131\u011f\u0131<\/a><\/p>\n<p>Sayg\u0131lar\u0131m\u0131zla,<\/p>\n<p>Elaz\u0131\u011f Ticaret ve Sanayi Odas\u0131<\/p>\n<p>\u00a0<\/p>\n<p>Bu duyuru 152 defa okundu. <\/p>\n<p>Ekleme Tarihi :2022-11-28 03:57:00 <\/p>\n<\/p><\/div>\n","protected":false},"excerpt":{"rendered":"<p>Say\u0131n \u00dcyemiz, TOBB taraf\u0131ndan Odam\u0131za g\u00f6nderilen yaz\u0131da,\u00a0Ticaret Bakanl\u0131\u011f\u0131&#8217;n\u0131n 22.11.2022 tarih ve 80227949 say\u0131l\u0131 yaz\u0131s\u0131,\u00a0\u0130lgi yaz\u0131da, T. C. Zagreb Ticaret M\u00fc\u015favirli\u011fi&#8217;nin yaz\u0131s\u0131na atfen, 16 Kas\u0131m 2022 tarihinde H\u0131rvatistan G\u00fcmr\u00fck \u0130daresi taraf\u0131ndan \u00d6TV k\u0131smi iadesinden T\u00fcrk ta\u015f\u0131mac\u0131lar\u0131n\u0131n yararlan\u0131p yararlanamayaca\u011f\u0131 hususuna ili\u015fkin olarak \u00f6zetle, T\u00fcrkiye&#8217;deki ticari i\u015fletmelerin, H\u0131rvatistan Cumhuriyeti&#8217;nde gayri nakdi \u00f6deme y\u00f6ntemiyle sat\u0131n ald\u0131klar\u0131 motorin i\u00e7in \u00f6dedikleri [&hellip;]<\/p>\n","protected":false},"author":1,"featured_media":5650,"comment_status":"open","ping_status":"open","sticky":false,"template":"","format":"standard","meta":{"_jetpack_memberships_contains_paid_content":false,"footnotes":""},"categories":[3],"tags":[],"class_list":["post-5488","post","type-post","status-publish","format-standard","has-post-thumbnail","hentry","category-duyuru"],"jetpack_sharing_enabled":true,"jetpack_featured_media_url":"https:\/\/elazigtso.org.tr\/tr\/wp-content\/uploads\/2023\/07\/logo_news-80.jpg","_links":{"self":[{"href":"https:\/\/elazigtso.org.tr\/tr\/index.php\/wp-json\/wp\/v2\/posts\/5488","targetHints":{"allow":["GET"]}}],"collection":[{"href":"https:\/\/elazigtso.org.tr\/tr\/index.php\/wp-json\/wp\/v2\/posts"}],"about":[{"href":"https:\/\/elazigtso.org.tr\/tr\/index.php\/wp-json\/wp\/v2\/types\/post"}],"author":[{"embeddable":true,"href":"https:\/\/elazigtso.org.tr\/tr\/index.php\/wp-json\/wp\/v2\/users\/1"}],"replies":[{"embeddable":true,"href":"https:\/\/elazigtso.org.tr\/tr\/index.php\/wp-json\/wp\/v2\/comments?post=5488"}],"version-history":[{"count":0,"href":"https:\/\/elazigtso.org.tr\/tr\/index.php\/wp-json\/wp\/v2\/posts\/5488\/revisions"}],"wp:featuredmedia":[{"embeddable":true,"href":"https:\/\/elazigtso.org.tr\/tr\/index.php\/wp-json\/wp\/v2\/media\/5650"}],"wp:attachment":[{"href":"https:\/\/elazigtso.org.tr\/tr\/index.php\/wp-json\/wp\/v2\/media?parent=5488"}],"wp:term":[{"taxonomy":"category","embeddable":true,"href":"https:\/\/elazigtso.org.tr\/tr\/index.php\/wp-json\/wp\/v2\/categories?post=5488"},{"taxonomy":"post_tag","embeddable":true,"href":"https:\/\/elazigtso.org.tr\/tr\/index.php\/wp-json\/wp\/v2\/tags?post=5488"}],"curies":[{"name":"wp","href":"https:\/\/api.w.org\/{rel}","templated":true}]}}