{"id":5467,"date":"2023-07-27T15:54:28","date_gmt":"2023-07-27T12:54:28","guid":{"rendered":"http:\/\/elazigtso.com\/tr\/index.php\/2023\/07\/27\/turkmenistan-uluslararasi-yuk-tasimaciligina-acilan-sinir-kapilari-ve-covid-19-tedbirleri\/"},"modified":"2023-07-27T15:54:28","modified_gmt":"2023-07-27T12:54:28","slug":"turkmenistan-uluslararasi-yuk-tasimaciligina-acilan-sinir-kapilari-ve-covid-19-tedbirleri","status":"publish","type":"post","link":"https:\/\/elazigtso.org.tr\/tr\/index.php\/2023\/07\/27\/turkmenistan-uluslararasi-yuk-tasimaciligina-acilan-sinir-kapilari-ve-covid-19-tedbirleri\/","title":{"rendered":"T\u00fcrkmenistan \/ Uluslararas\u0131 Y\u00fck Ta\u015f\u0131mac\u0131l\u0131\u011f\u0131na A\u00e7\u0131lan S\u0131n\u0131r Kap\u0131lar\u0131 ve Covid-19 Tedbirleri"},"content":{"rendered":"<\/p>\n<div class=\"content-detail\">\n<p>Say\u0131n \u00dcyemiz,<\/p>\n<p>TOBB taraf\u0131ndan Odam\u0131za g\u00f6nderilen yaz\u0131da,\u00a0Ticaret Bakanl\u0131\u011f\u0131&#8217;n\u0131n 22.11.2022 tarih ve 80220589 say\u0131l\u0131 yaz\u0131s\u0131,\u00a0\u0130lgi yaz\u0131da, D\u0131\u015fi\u015fleri Bakanl\u0131\u011f\u0131&#8217;ndan al\u0131nan yaz\u0131ya atfen, uluslararas\u0131 karayolu ta\u015f\u0131mac\u0131l\u0131\u011f\u0131na ili\u015fkin olarak T\u00fcrkmenistan Bakanlar Kurulu&#8217;na ba\u011fl\u0131 Ula\u015ft\u0131rma ve Kom\u00fcnikasyon Ajans\u0131 taraf\u0131ndan haz\u0131rlanan bilgi notu payla\u015f\u0131lmaktad\u0131r.<\/p>\n<p>\u0130ngilizce terc\u00fcmesiyle birlikte ili\u015fikte iletilen bilgi notunda;<\/p>\n<ul>\n<li>7 Kas\u0131m 2022 tarihi itibar\u0131yla, T\u00fcrkmenba\u015f\u0131 Uluslararas\u0131 Liman\u0131 ile Art\u0131k, Sarahs, Karabo\u011faz, Alt\u0131n<br \/>\nAs\u0131r, Da\u015fo\u011fuz, K\u00f6hne \u00dcrgen\u00e7, Farab, \u0130mam Nazar ve Serhatabat s\u0131n\u0131r kap\u0131lar\u0131n\u0131n; y\u00fck ta\u015f\u0131yan yabanc\u0131<br \/>\nara\u00e7lar\u0131n giri\u015f, \u00e7\u0131k\u0131\u015f ve T\u00fcrkmenistan \u00fczerinden transit ge\u00e7i\u015flerine a\u00e7\u0131ld\u0131\u011f\u0131,<\/li>\n<li>Yabanc\u0131 y\u00fck ara\u00e7lar\u0131n\u0131n \u015fof\u00f6rlerinin s\u0131n\u0131r kap\u0131lar\u0131ndan giri\u015f, \u00e7\u0131k\u0131\u015f ve transit ge\u00e7i\u015flerde COVID-19<br \/>\nhastal\u0131\u011f\u0131 ta\u015f\u0131mad\u0131klar\u0131n\u0131 ve COVID-19 a\u015f\u0131s\u0131 yapt\u0131rd\u0131klar\u0131n\u0131 g\u00f6sterir belgelerini yanlar\u0131nda<br \/>\nbulundurmalar\u0131 gerekti\u011fi,<\/li>\n<li>Yabanc\u0131 y\u00fck ara\u00e7lar\u0131n\u0131n \u015fof\u00f6rlerine, s\u0131n\u0131r kap\u0131lar\u0131nda COVID-19 testi (h\u0131zl\u0131 test) yap\u0131laca\u011f\u0131 ve yaln\u0131zca<br \/>\nsonucu negatif \u00e7\u0131kan \u015fof\u00f6rlerin T\u00fcrkmenistan&#8217;a giri\u015fine izin verilece\u011fi,<\/li>\n<li>Yabanc\u0131 y\u00fck ara\u00e7lar\u0131na s\u0131n\u0131r kap\u0131lar\u0131nda hijyen ve dezenfeksiyon uygulamas\u0131 yap\u0131laca\u011f\u0131,<\/li>\n<li>Di\u011fer yandan, s\u0131n\u0131rda y\u00fck\u00fcn T\u00fcrkmen ara\u00e7lar\u0131na teslim edilmesi uygulamas\u0131n\u0131n (temass\u0131z ta\u015f\u0131mac\u0131l\u0131k)<br \/>\nda iste\u011fe ba\u011fl\u0131 olarak s\u00fcrd\u00fcr\u00fclece\u011fi kaydedilmektedir.<\/li>\n<\/ul>\n<p>Mezk\u00fbr Nota&#8217;daki bilgileri teyit etmek amac\u0131yla A\u015fkabat B\u00fcy\u00fckel\u00e7ili\u011fimiz taraf\u0131ndan temas edilen Ula\u015ft\u0131rma<br \/>\nve Kom\u00fcnikasyon Ajans\u0131 yetkilisinin, &#8220;COVID-19 hastal\u0131\u011f\u0131 ta\u015f\u0131mad\u0131klar\u0131n\u0131 g\u00f6sterir belge&#8221; ifadesi ile negatif<br \/>\nsonu\u00e7lu PCR testinin kastedildi\u011fini ve yabanc\u0131 y\u00fck ara\u00e7lar\u0131n\u0131n \u015fof\u00f6rlerinin T\u00fcrkmenistan&#8217;a giri\u015flerinde 48 saat<br \/>\ni\u00e7inde yap\u0131lm\u0131\u015f negatif sonu\u00e7lu PCR test raporunu yanlar\u0131nda bulundurmalar\u0131 gerekti\u011fini; bununla birlikte,<br \/>\nGazocak s\u0131n\u0131r kap\u0131s\u0131n\u0131n a\u00e7\u0131lmas\u0131na y\u00f6nelik \u00e7al\u0131\u015fmalar\u0131n da devam etti\u011fi ifade etti\u011fi belirtilmektedir.\n<\/p>\n<p>Di\u011fer yandan, Ula\u015ft\u0131rma ve Altyap\u0131 Bakanl\u0131\u011f\u0131&#8217;n\u0131n yaz\u0131s\u0131nda, T\u00fcrkmenistan&#8217;\u0131n t\u00fcm s\u0131n\u0131r kap\u0131lar\u0131n\u0131n ikili ve<br \/>\ntransit ta\u015f\u0131malara a\u00e7\u0131ld\u0131\u011f\u0131n\u0131 bildiren Uluslararas\u0131 Karayolu Ta\u015f\u0131mac\u0131lar Birli\u011fi&#8217;nin 9 Kas\u0131m 2022 tarihli<br \/>\nduyurusu payla\u015f\u0131lmakta olup, s\u00f6z konusu duyurunun bir \u00f6rne\u011fi ekte iletilmektedir.<\/p>\n<p><a href=\"http:\/\/www.elazigtso.org.tr\/public\/docs_oda\/duyuru\/09.12\/T%C3%BCrkmenistan%20_%20Uluslararas%C4%B1%20Y%C3%BCk%20Ta%C5%9F%C4%B1mac%C4%B1l%C4%B1%C4%9F%C4%B1na%20A%C3%A7%C4%B1lan%20S%C4%B1n%C4%B1r%20Kap%C4%B1lar%C4%B1%20ve%20Covid-19%20Tedbirleri.pdf\" target=\"_blank\" rel=\"noopener\">Ek:\u00a0T\u00fcrkmenistan \/ Uluslararas\u0131 Y\u00fck Ta\u015f\u0131mac\u0131l\u0131\u011f\u0131na A\u00e7\u0131lan S\u0131n\u0131r Kap\u0131lar\u0131 ve Covid-19 Tedbirleri<\/a><\/p>\n<p>Sayg\u0131lar\u0131m\u0131zla,<\/p>\n<p>Elaz\u0131\u011f Ticaret ve Sanayi Odas\u0131<\/p>\n<p>\u00a0<\/p>\n<p>Bu duyuru 134 defa okundu. <\/p>\n<p>Ekleme Tarihi :2022-11-23 03:46:00 <\/p>\n<\/p><\/div>\n","protected":false},"excerpt":{"rendered":"<p>Say\u0131n \u00dcyemiz, TOBB taraf\u0131ndan Odam\u0131za g\u00f6nderilen yaz\u0131da,\u00a0Ticaret Bakanl\u0131\u011f\u0131&#8217;n\u0131n 22.11.2022 tarih ve 80220589 say\u0131l\u0131 yaz\u0131s\u0131,\u00a0\u0130lgi yaz\u0131da, D\u0131\u015fi\u015fleri Bakanl\u0131\u011f\u0131&#8217;ndan al\u0131nan yaz\u0131ya atfen, uluslararas\u0131 karayolu ta\u015f\u0131mac\u0131l\u0131\u011f\u0131na ili\u015fkin olarak T\u00fcrkmenistan Bakanlar Kurulu&#8217;na ba\u011fl\u0131 Ula\u015ft\u0131rma ve Kom\u00fcnikasyon Ajans\u0131 taraf\u0131ndan haz\u0131rlanan bilgi notu payla\u015f\u0131lmaktad\u0131r. \u0130ngilizce terc\u00fcmesiyle birlikte ili\u015fikte iletilen bilgi notunda; 7 Kas\u0131m 2022 tarihi itibar\u0131yla, T\u00fcrkmenba\u015f\u0131 Uluslararas\u0131 Liman\u0131 ile Art\u0131k, [&hellip;]<\/p>\n","protected":false},"author":1,"featured_media":5650,"comment_status":"open","ping_status":"open","sticky":false,"template":"","format":"standard","meta":{"_jetpack_memberships_contains_paid_content":false,"footnotes":""},"categories":[3],"tags":[],"class_list":["post-5467","post","type-post","status-publish","format-standard","has-post-thumbnail","hentry","category-duyuru"],"jetpack_sharing_enabled":true,"jetpack_featured_media_url":"https:\/\/elazigtso.org.tr\/tr\/wp-content\/uploads\/2023\/07\/logo_news-80.jpg","_links":{"self":[{"href":"https:\/\/elazigtso.org.tr\/tr\/index.php\/wp-json\/wp\/v2\/posts\/5467","targetHints":{"allow":["GET"]}}],"collection":[{"href":"https:\/\/elazigtso.org.tr\/tr\/index.php\/wp-json\/wp\/v2\/posts"}],"about":[{"href":"https:\/\/elazigtso.org.tr\/tr\/index.php\/wp-json\/wp\/v2\/types\/post"}],"author":[{"embeddable":true,"href":"https:\/\/elazigtso.org.tr\/tr\/index.php\/wp-json\/wp\/v2\/users\/1"}],"replies":[{"embeddable":true,"href":"https:\/\/elazigtso.org.tr\/tr\/index.php\/wp-json\/wp\/v2\/comments?post=5467"}],"version-history":[{"count":0,"href":"https:\/\/elazigtso.org.tr\/tr\/index.php\/wp-json\/wp\/v2\/posts\/5467\/revisions"}],"wp:featuredmedia":[{"embeddable":true,"href":"https:\/\/elazigtso.org.tr\/tr\/index.php\/wp-json\/wp\/v2\/media\/5650"}],"wp:attachment":[{"href":"https:\/\/elazigtso.org.tr\/tr\/index.php\/wp-json\/wp\/v2\/media?parent=5467"}],"wp:term":[{"taxonomy":"category","embeddable":true,"href":"https:\/\/elazigtso.org.tr\/tr\/index.php\/wp-json\/wp\/v2\/categories?post=5467"},{"taxonomy":"post_tag","embeddable":true,"href":"https:\/\/elazigtso.org.tr\/tr\/index.php\/wp-json\/wp\/v2\/tags?post=5467"}],"curies":[{"name":"wp","href":"https:\/\/api.w.org\/{rel}","templated":true}]}}