{"id":5463,"date":"2023-07-27T15:51:44","date_gmt":"2023-07-27T12:51:44","guid":{"rendered":"http:\/\/elazigtso.com\/tr\/index.php\/2023\/07\/27\/afganistan\/"},"modified":"2023-07-27T15:51:44","modified_gmt":"2023-07-27T12:51:44","slug":"afganistan","status":"publish","type":"post","link":"https:\/\/elazigtso.org.tr\/tr\/index.php\/2023\/07\/27\/afganistan\/","title":{"rendered":"Afganistan"},"content":{"rendered":"<\/p>\n<div class=\"content-detail\">\n<p>Say\u0131n \u00dcyemiz,<\/p>\n<p>TOBB taraf\u0131ndan Odam\u0131za g\u00f6nderilen yaz\u0131da,\u00a0Afganistan Ticaret ve Sanayi Odas\u0131&#8217;n\u0131n 14.11.2022 tarih ve IA-470 say\u0131l\u0131 yaz\u0131s\u0131na atfen,\u00a0\u0130lgi yaz\u0131da, &#8220;Imam Abu Hanifa (RA) National &amp; International EXPO&#8221; ba\u015fl\u0131kl\u0131 ACCI EXPO Ticaret Fuar\u0131&#8217;n\u0131n, 1-2 Aral\u0131k 2022 tarihlerinde, Afganistan&#8217;\u0131n ba\u015fkenti Kabil \u015fehrinde ger\u00e7ekle\u015ftirilece\u011fi bildirilmektedir.<\/p>\n<p>ACCI EXPO Ticaret Fuar\u0131&#8217;nda (AETA) Afganistan genelinde 600 \u015firketin imalat\u00e7\u0131, hammadde, e\u011fitim, in\u015faat,<br \/>\ng\u0131da, ila\u00e7, kozmetik, elektrik, tar\u0131m \u00fcr\u00fcnleri, k\u00fcmes hayvanlar\u0131, el sanatlar\u0131, tekstil, tak\u0131 moda, spor ve ekipman,<br \/>\noyuncaklar, plastik, bask\u0131 ve paketleme, kitap ve k\u0131rtasiye, hizmet \u015firketleri vb. dahil olmak \u00fczere \u00fcr\u00fcn ve<br \/>\nhizmetlerinin sergilenece\u011fi belirtilmektedir. Fuar ile ilgili detayl\u0131 bilgiler ekteki belgede yer almaktad\u0131r. Kay\u0131t<br \/>\ni\u00e7in a\u015fa\u011f\u0131daki linkteki bilgiler doldurulmal\u0131d\u0131r.<\/p>\n<p><a href=\"https:\/\/acci.org.af\/en\/services\/international-affairs\/expo-registration.html\">https:\/\/acci.org.af\/en\/services\/international-affairs\/expo-registration.html<\/a><\/p>\n<p><a href=\"http:\/\/www.elazigtso.org.tr\/public\/docs_oda\/duyuru\/09.12\/Afganistan.pdf\" target=\"_blank\" rel=\"noopener\">Ek:\u00a0Afganistan<\/a><\/p>\n<p>Sayg\u0131lar\u0131m\u0131zla,<\/p>\n<p>Elaz\u0131\u011f Ticaret ve Sanayi Odas\u0131<\/p>\n<p>\u00a0<\/p>\n<p>Bu duyuru 143 defa okundu. <\/p>\n<p>Ekleme Tarihi :2022-11-16 09:16:00 <\/p>\n<\/p><\/div>\n","protected":false},"excerpt":{"rendered":"<p>Say\u0131n \u00dcyemiz, TOBB taraf\u0131ndan Odam\u0131za g\u00f6nderilen yaz\u0131da,\u00a0Afganistan Ticaret ve Sanayi Odas\u0131&#8217;n\u0131n 14.11.2022 tarih ve IA-470 say\u0131l\u0131 yaz\u0131s\u0131na atfen,\u00a0\u0130lgi yaz\u0131da, &#8220;Imam Abu Hanifa (RA) National &amp; International EXPO&#8221; ba\u015fl\u0131kl\u0131 ACCI EXPO Ticaret Fuar\u0131&#8217;n\u0131n, 1-2 Aral\u0131k 2022 tarihlerinde, Afganistan&#8217;\u0131n ba\u015fkenti Kabil \u015fehrinde ger\u00e7ekle\u015ftirilece\u011fi bildirilmektedir. ACCI EXPO Ticaret Fuar\u0131&#8217;nda (AETA) Afganistan genelinde 600 \u015firketin imalat\u00e7\u0131, hammadde, e\u011fitim, in\u015faat, [&hellip;]<\/p>\n","protected":false},"author":1,"featured_media":5650,"comment_status":"open","ping_status":"open","sticky":false,"template":"","format":"standard","meta":{"_jetpack_memberships_contains_paid_content":false,"footnotes":""},"categories":[3],"tags":[],"class_list":["post-5463","post","type-post","status-publish","format-standard","has-post-thumbnail","hentry","category-duyuru"],"jetpack_sharing_enabled":true,"jetpack_featured_media_url":"https:\/\/elazigtso.org.tr\/tr\/wp-content\/uploads\/2023\/07\/logo_news-80.jpg","_links":{"self":[{"href":"https:\/\/elazigtso.org.tr\/tr\/index.php\/wp-json\/wp\/v2\/posts\/5463","targetHints":{"allow":["GET"]}}],"collection":[{"href":"https:\/\/elazigtso.org.tr\/tr\/index.php\/wp-json\/wp\/v2\/posts"}],"about":[{"href":"https:\/\/elazigtso.org.tr\/tr\/index.php\/wp-json\/wp\/v2\/types\/post"}],"author":[{"embeddable":true,"href":"https:\/\/elazigtso.org.tr\/tr\/index.php\/wp-json\/wp\/v2\/users\/1"}],"replies":[{"embeddable":true,"href":"https:\/\/elazigtso.org.tr\/tr\/index.php\/wp-json\/wp\/v2\/comments?post=5463"}],"version-history":[{"count":0,"href":"https:\/\/elazigtso.org.tr\/tr\/index.php\/wp-json\/wp\/v2\/posts\/5463\/revisions"}],"wp:featuredmedia":[{"embeddable":true,"href":"https:\/\/elazigtso.org.tr\/tr\/index.php\/wp-json\/wp\/v2\/media\/5650"}],"wp:attachment":[{"href":"https:\/\/elazigtso.org.tr\/tr\/index.php\/wp-json\/wp\/v2\/media?parent=5463"}],"wp:term":[{"taxonomy":"category","embeddable":true,"href":"https:\/\/elazigtso.org.tr\/tr\/index.php\/wp-json\/wp\/v2\/categories?post=5463"},{"taxonomy":"post_tag","embeddable":true,"href":"https:\/\/elazigtso.org.tr\/tr\/index.php\/wp-json\/wp\/v2\/tags?post=5463"}],"curies":[{"name":"wp","href":"https:\/\/api.w.org\/{rel}","templated":true}]}}