{"id":5458,"date":"2023-07-27T15:48:07","date_gmt":"2023-07-27T12:48:07","guid":{"rendered":"http:\/\/elazigtso.com\/tr\/index.php\/2023\/07\/27\/avrupa-kobi-haftasi\/"},"modified":"2023-07-27T15:48:07","modified_gmt":"2023-07-27T12:48:07","slug":"avrupa-kobi-haftasi","status":"publish","type":"post","link":"https:\/\/elazigtso.org.tr\/tr\/index.php\/2023\/07\/27\/avrupa-kobi-haftasi\/","title":{"rendered":"Avrupa KOB\u0130 Haftas\u0131"},"content":{"rendered":"<\/p>\n<div class=\"content-detail\">\n<p>Say\u0131n \u00dcyemiz,<\/p>\n<p>TOBB taraf\u0131ndan Odam\u0131za g\u00f6nderilen yaz\u0131ya atfen,\u00a0KOSGEB taraf\u0131ndan Birli\u011fimize iletilen ekteki yaz\u0131da; Avrupa KOB\u0130 Haftas\u0131&#8217;ndan bahsedilmektedir.<\/p>\n<p>Avrupa KOB\u0130 Haftas\u0131 bu y\u0131l; 28 Kas\u0131m-04 Aral\u0131k 2022 tarihlerinde ger\u00e7ekle\u015fecektir. KOB\u0130&#8217;ler ile ilgili<br \/>\nger\u00e7ekle\u015ftirilecek etkinliklerin Avrupa KOB\u0130 Haftas\u0131 portal\u0131na (https:\/\/ec.europa.eu\/growth\/toolsdatabases\/sme-week\/) kaydedilmesi; 28 Kas\u0131m-04 Aral\u0131k 2022 d\u00f6neminde ise etkinliklerin medya deste\u011fi ile<br \/>\ng\u00f6r\u00fcn\u00fcrl\u00fc\u011f\u00fc art\u0131r\u0131larak ve yayg\u0131nla\u015ft\u0131r\u0131larak s\u00fcrd\u00fcr\u00fclmesi \u00f6nem arz etmektedir.\u00a0<\/p>\n<p><a href=\"http:\/\/www.elazigtso.org.tr\/public\/docs_oda\/duyuru\/15.11.22\/Avrupa_KOBI_Haftasi.pdf\" target=\"_blank\" rel=\"noopener\">Ek:\u00a0Avrupa KOB\u0130 Haftas\u0131<\/a><\/p>\n<p>Sayg\u0131lar\u0131m\u0131zla,<\/p>\n<p>Elaz\u0131\u011f Ticaret ve Sanayi Odas\u0131<\/p>\n<p>\u00a0<\/p>\n<p>Bu duyuru 471 defa okundu. <\/p>\n<p>Ekleme Tarihi :2022-11-15 11:06:00 <\/p>\n<\/p><\/div>\n","protected":false},"excerpt":{"rendered":"<p>Say\u0131n \u00dcyemiz, TOBB taraf\u0131ndan Odam\u0131za g\u00f6nderilen yaz\u0131ya atfen,\u00a0KOSGEB taraf\u0131ndan Birli\u011fimize iletilen ekteki yaz\u0131da; Avrupa KOB\u0130 Haftas\u0131&#8217;ndan bahsedilmektedir. Avrupa KOB\u0130 Haftas\u0131 bu y\u0131l; 28 Kas\u0131m-04 Aral\u0131k 2022 tarihlerinde ger\u00e7ekle\u015fecektir. KOB\u0130&#8217;ler ile ilgili ger\u00e7ekle\u015ftirilecek etkinliklerin Avrupa KOB\u0130 Haftas\u0131 portal\u0131na (https:\/\/ec.europa.eu\/growth\/toolsdatabases\/sme-week\/) kaydedilmesi; 28 Kas\u0131m-04 Aral\u0131k 2022 d\u00f6neminde ise etkinliklerin medya deste\u011fi ile g\u00f6r\u00fcn\u00fcrl\u00fc\u011f\u00fc art\u0131r\u0131larak ve yayg\u0131nla\u015ft\u0131r\u0131larak s\u00fcrd\u00fcr\u00fclmesi \u00f6nem [&hellip;]<\/p>\n","protected":false},"author":1,"featured_media":5650,"comment_status":"open","ping_status":"open","sticky":false,"template":"","format":"standard","meta":{"_jetpack_memberships_contains_paid_content":false,"footnotes":""},"categories":[3],"tags":[],"class_list":["post-5458","post","type-post","status-publish","format-standard","has-post-thumbnail","hentry","category-duyuru"],"jetpack_sharing_enabled":true,"jetpack_featured_media_url":"https:\/\/elazigtso.org.tr\/tr\/wp-content\/uploads\/2023\/07\/logo_news-80.jpg","_links":{"self":[{"href":"https:\/\/elazigtso.org.tr\/tr\/index.php\/wp-json\/wp\/v2\/posts\/5458","targetHints":{"allow":["GET"]}}],"collection":[{"href":"https:\/\/elazigtso.org.tr\/tr\/index.php\/wp-json\/wp\/v2\/posts"}],"about":[{"href":"https:\/\/elazigtso.org.tr\/tr\/index.php\/wp-json\/wp\/v2\/types\/post"}],"author":[{"embeddable":true,"href":"https:\/\/elazigtso.org.tr\/tr\/index.php\/wp-json\/wp\/v2\/users\/1"}],"replies":[{"embeddable":true,"href":"https:\/\/elazigtso.org.tr\/tr\/index.php\/wp-json\/wp\/v2\/comments?post=5458"}],"version-history":[{"count":0,"href":"https:\/\/elazigtso.org.tr\/tr\/index.php\/wp-json\/wp\/v2\/posts\/5458\/revisions"}],"wp:featuredmedia":[{"embeddable":true,"href":"https:\/\/elazigtso.org.tr\/tr\/index.php\/wp-json\/wp\/v2\/media\/5650"}],"wp:attachment":[{"href":"https:\/\/elazigtso.org.tr\/tr\/index.php\/wp-json\/wp\/v2\/media?parent=5458"}],"wp:term":[{"taxonomy":"category","embeddable":true,"href":"https:\/\/elazigtso.org.tr\/tr\/index.php\/wp-json\/wp\/v2\/categories?post=5458"},{"taxonomy":"post_tag","embeddable":true,"href":"https:\/\/elazigtso.org.tr\/tr\/index.php\/wp-json\/wp\/v2\/tags?post=5458"}],"curies":[{"name":"wp","href":"https:\/\/api.w.org\/{rel}","templated":true}]}}