{"id":5456,"date":"2023-07-27T15:43:29","date_gmt":"2023-07-27T12:43:29","guid":{"rendered":"http:\/\/elazigtso.com\/tr\/index.php\/2023\/07\/27\/bahreyn-cityscape\/"},"modified":"2023-07-27T15:43:29","modified_gmt":"2023-07-27T12:43:29","slug":"bahreyn-cityscape","status":"publish","type":"post","link":"https:\/\/elazigtso.org.tr\/tr\/index.php\/2023\/07\/27\/bahreyn-cityscape\/","title":{"rendered":"Bahreyn Cityscape"},"content":{"rendered":"<\/p>\n<div class=\"content-detail\">\n<p>Say\u0131n \u00dcyemiz,<\/p>\n<p>TOBB taraf\u0131ndan Odam\u0131za g\u00f6nderilen yaz\u0131da,\u00a0Ticaret Bakanl\u0131\u011f\u0131&#8217;n\u0131n 10.11.2022 tarih ve E-51278314-525.01-00079858179 say\u0131l\u0131 yaz\u0131s\u0131.\u00a0\u0130lgide kay\u0131tl\u0131 yaz\u0131da, Bahreyn&#8217;in Ankara B\u00fcy\u00fckel\u00e7ili\u011fi taraf\u0131ndan iletilen bir Nota&#8217;ya atfen, 20-24 Kas\u0131m 2022 tarihleri aras\u0131nda, gayrimenkul hizmetleri sekt\u00f6r\u00fcne ili\u015fkin olarak &#8220;Cityscape&#8221; fuar\u0131n\u0131n d\u00fczenlenece\u011fi ve detayl\u0131 bilgi i\u00e7in www.cityscapebahrain.com web sayfas\u0131n\u0131n ziyaret edilebilece\u011fi belirtilmektedir.<\/p>\n<p>\u0130nforma firmas\u0131 taraf\u0131ndan ger\u00e7ekle\u015ftirilecek olan fuara ili\u015fkin tan\u0131t\u0131m bro\u015f\u00fcr\u00fc ekte sunulmaktad\u0131r.<\/p>\n<p><a href=\"http:\/\/www.elazigtso.org.tr\/public\/docs_oda\/duyuru\/09.12\/Bahreyn%20Cityscape.pdf\" target=\"_blank\" rel=\"noopener\">Ek:\u00a0Bahreyn Cityscape<\/a><\/p>\n<p>Sayg\u0131lar\u0131m\u0131zla,<\/p>\n<p>Elaz\u0131\u011f Ticaret ve Sanayi Odas\u0131<\/p>\n<p>\u00a0<\/p>\n<p>Bu duyuru 171 defa okundu. <\/p>\n<p>Ekleme Tarihi :2022-11-15 04:39:00 <\/p>\n<\/p><\/div>\n","protected":false},"excerpt":{"rendered":"<p>Say\u0131n \u00dcyemiz, TOBB taraf\u0131ndan Odam\u0131za g\u00f6nderilen yaz\u0131da,\u00a0Ticaret Bakanl\u0131\u011f\u0131&#8217;n\u0131n 10.11.2022 tarih ve E-51278314-525.01-00079858179 say\u0131l\u0131 yaz\u0131s\u0131.\u00a0\u0130lgide kay\u0131tl\u0131 yaz\u0131da, Bahreyn&#8217;in Ankara B\u00fcy\u00fckel\u00e7ili\u011fi taraf\u0131ndan iletilen bir Nota&#8217;ya atfen, 20-24 Kas\u0131m 2022 tarihleri aras\u0131nda, gayrimenkul hizmetleri sekt\u00f6r\u00fcne ili\u015fkin olarak &#8220;Cityscape&#8221; fuar\u0131n\u0131n d\u00fczenlenece\u011fi ve detayl\u0131 bilgi i\u00e7in www.cityscapebahrain.com web sayfas\u0131n\u0131n ziyaret edilebilece\u011fi belirtilmektedir. \u0130nforma firmas\u0131 taraf\u0131ndan ger\u00e7ekle\u015ftirilecek olan fuara ili\u015fkin tan\u0131t\u0131m [&hellip;]<\/p>\n","protected":false},"author":1,"featured_media":5650,"comment_status":"open","ping_status":"open","sticky":false,"template":"","format":"standard","meta":{"_jetpack_memberships_contains_paid_content":false,"footnotes":""},"categories":[3],"tags":[],"class_list":["post-5456","post","type-post","status-publish","format-standard","has-post-thumbnail","hentry","category-duyuru"],"jetpack_sharing_enabled":true,"jetpack_featured_media_url":"https:\/\/elazigtso.org.tr\/tr\/wp-content\/uploads\/2023\/07\/logo_news-80.jpg","_links":{"self":[{"href":"https:\/\/elazigtso.org.tr\/tr\/index.php\/wp-json\/wp\/v2\/posts\/5456","targetHints":{"allow":["GET"]}}],"collection":[{"href":"https:\/\/elazigtso.org.tr\/tr\/index.php\/wp-json\/wp\/v2\/posts"}],"about":[{"href":"https:\/\/elazigtso.org.tr\/tr\/index.php\/wp-json\/wp\/v2\/types\/post"}],"author":[{"embeddable":true,"href":"https:\/\/elazigtso.org.tr\/tr\/index.php\/wp-json\/wp\/v2\/users\/1"}],"replies":[{"embeddable":true,"href":"https:\/\/elazigtso.org.tr\/tr\/index.php\/wp-json\/wp\/v2\/comments?post=5456"}],"version-history":[{"count":0,"href":"https:\/\/elazigtso.org.tr\/tr\/index.php\/wp-json\/wp\/v2\/posts\/5456\/revisions"}],"wp:featuredmedia":[{"embeddable":true,"href":"https:\/\/elazigtso.org.tr\/tr\/index.php\/wp-json\/wp\/v2\/media\/5650"}],"wp:attachment":[{"href":"https:\/\/elazigtso.org.tr\/tr\/index.php\/wp-json\/wp\/v2\/media?parent=5456"}],"wp:term":[{"taxonomy":"category","embeddable":true,"href":"https:\/\/elazigtso.org.tr\/tr\/index.php\/wp-json\/wp\/v2\/categories?post=5456"},{"taxonomy":"post_tag","embeddable":true,"href":"https:\/\/elazigtso.org.tr\/tr\/index.php\/wp-json\/wp\/v2\/tags?post=5456"}],"curies":[{"name":"wp","href":"https:\/\/api.w.org\/{rel}","templated":true}]}}