{"id":5455,"date":"2023-07-27T15:41:28","date_gmt":"2023-07-27T12:41:28","guid":{"rendered":"http:\/\/elazigtso.com\/tr\/index.php\/2023\/07\/27\/ufuk-avrupa-avrupa-yenilik-ekosistemlerinde-eie-yeni-firsatlar-etkinligi\/"},"modified":"2023-07-27T15:41:28","modified_gmt":"2023-07-27T12:41:28","slug":"ufuk-avrupa-avrupa-yenilik-ekosistemlerinde-eie-yeni-firsatlar-etkinligi","status":"publish","type":"post","link":"https:\/\/elazigtso.org.tr\/tr\/index.php\/2023\/07\/27\/ufuk-avrupa-avrupa-yenilik-ekosistemlerinde-eie-yeni-firsatlar-etkinligi\/","title":{"rendered":"Ufuk Avrupa \/ Avrupa Yenilik Ekosistemleri&#8217;nde (EIE) Yeni F\u0131rsatlar Etkinli\u011fi"},"content":{"rendered":"<\/p>\n<div class=\"content-detail\">\n<p>Say\u0131n \u00dcyemiz,<\/p>\n<p>TOBB taraf\u0131ndan Odam\u0131za g\u00f6nderilen yaz\u0131ya atfen,\u00a0Avrupa Birli\u011fi ve T\u00fcrkiye Cumhuriyeti taraf\u0131ndan ortak finanse edilen ve y\u00fcr\u00fct\u00fcc\u00fcs\u00fcn\u00fcn T.C. Sanayi ve Teknoloji Bakanl\u0131\u011f\u0131, ana yararlan\u0131c\u0131s\u0131n\u0131n T\u00dcB\u0130TAK oldu\u011fu ve Rekabet\u00e7i Sekt\u00f6rler Program\u0131 kapsam\u0131nda desteklenen &#8220;Ufuk 2020&#8217;de T\u00fcrkiye Faz-II&#8221; Teknik Destek Projesi kapsam\u0131nda d\u00fczenlenecek olan &#8220;Avrupa Yenilik Ekosistemlerinde (EIE) Yeni F\u0131rsatlar&#8221; etkinli\u011fi 17 Kas\u0131m 2022 tarihinde Istanbul Renaissance Polat Bosphorus Hotel&#8217;de ger\u00e7ekle\u015fecektir.<\/p>\n<p>S\u00f6z konusu etkinli\u011fe, Avrupa Yenilik Ekosistemleri Program\u0131n\u0131n yap\u0131s\u0131 gere\u011fi \u00f6ncelikli olarak Kalk\u0131nma<br \/>\nAjanslar\u0131, Sanayi\/Ticaret Odalar\u0131, Teknoloji Geli\u015ftirme B\u00f6lgeleri, K\u00fcmelenmeler vb kat\u0131l\u0131mc\u0131lar kabul<br \/>\nedilecek olup;<\/p>\n<ul>\n<li>&#8220;Avrupa Yenilik Ekosistemleri \u00c7al\u0131\u015fma Program\u0131&#8221;\u00a0<\/li>\n<li>&#8220;CONNECT Destination: Interconnected Innovation Ecosystems&#8221;<\/li>\n<li>&#8220;INNOVSMES Destination: Partnerships in Innovative SMEs&#8221; <\/li>\n<li>&#8220;Ufuk Avrupa K\u00fcmelerinin ve teknolojinin a\u00e7\u0131k inovasyon \u00fczerindeki h\u0131zland\u0131r\u0131c\u0131 etkileri&#8221; ve <\/li>\n<li>&#8220;Avrupa Yenilik Ekosistemleri Program\u0131 kapsam\u0131nda ba\u015far\u0131l\u0131 a\u011f kurmaya dair pratik bilgiler ve tavsiyeler&#8221;<br \/>\nkonulu ba\u015fl\u0131klar T\u00dcB\u0130TAK uzmanlar\u0131 taraf\u0131ndan ele al\u0131nacakt\u0131r.\u00a0<\/li>\n<\/ul>\n<p>Toplant\u0131ya fiziksel olarak kat\u0131l\u0131m sa\u011flamak isteyenlerin \u00f6n kay\u0131t formunu doldurmas\u0131, etkinli\u011fi \u00e7evrimi\u00e7i<br \/>\nolarak takip etmek isteyen kat\u0131l\u0131mc\u0131lar\u0131n ise, etkinli\u011fe \u00f6n kay\u0131t i\u015flemini tamamlarken \u00e7evrimi\u00e7i olarak ba\u015fvuru<br \/>\nger\u00e7ekle\u015ftirmi\u015f olmalar\u0131 gerekmektedir.<\/p>\n<p>Fiziksel kat\u0131l\u0131m s\u0131n\u0131rl\u0131 olaca\u011f\u0131ndan kay\u0131t olanlar aras\u0131ndan kat\u0131l\u0131m\u0131 uygun g\u00f6r\u00fclenler belirlenerek kendileri ile<br \/>\nT\u00fcrkiye Bilimsel ve Teknolojik Ara\u015ft\u0131rma Kurumu Ba\u015fkanl\u0131\u011f\u0131 Uluslararas\u0131 \u0130\u015fbirli\u011fi Daire Ba\u015fkanl\u0131\u011f\u0131<br \/>\ntaraf\u0131ndan ileti\u015fime ge\u00e7ilecektir.<\/p>\n<p>Etkinli\u011fe ili\u015fkin t\u00fcm detaylar ile kay\u0131t formuna eri\u015fim<br \/>\nlinki; https:\/\/ufukavrupa.org.tr\/tr\/haberler\/avrupa-yenilik-ekosistemlerinde-eie-yeni-firsatlar-istanbul-karmaet<br \/>\nkinlik-17-kasim-2022 adresinde yer almaktad\u0131r.\n<\/p>\n<p>Sayg\u0131lar\u0131m\u0131zla,<\/p>\n<p>Elaz\u0131\u011f Ticaret ve Sanayi Odas\u0131\u00a0<\/p>\n<p>\u00a0<\/p>\n<p>Bu duyuru 301 defa okundu. <\/p>\n<p>Ekleme Tarihi :2022-11-15 02:28:00 <\/p>\n<\/p><\/div>\n","protected":false},"excerpt":{"rendered":"<p>Say\u0131n \u00dcyemiz, TOBB taraf\u0131ndan Odam\u0131za g\u00f6nderilen yaz\u0131ya atfen,\u00a0Avrupa Birli\u011fi ve T\u00fcrkiye Cumhuriyeti taraf\u0131ndan ortak finanse edilen ve y\u00fcr\u00fct\u00fcc\u00fcs\u00fcn\u00fcn T.C. Sanayi ve Teknoloji Bakanl\u0131\u011f\u0131, ana yararlan\u0131c\u0131s\u0131n\u0131n T\u00dcB\u0130TAK oldu\u011fu ve Rekabet\u00e7i Sekt\u00f6rler Program\u0131 kapsam\u0131nda desteklenen &#8220;Ufuk 2020&#8217;de T\u00fcrkiye Faz-II&#8221; Teknik Destek Projesi kapsam\u0131nda d\u00fczenlenecek olan &#8220;Avrupa Yenilik Ekosistemlerinde (EIE) Yeni F\u0131rsatlar&#8221; etkinli\u011fi 17 Kas\u0131m 2022 tarihinde Istanbul [&hellip;]<\/p>\n","protected":false},"author":1,"featured_media":5650,"comment_status":"open","ping_status":"open","sticky":false,"template":"","format":"standard","meta":{"_jetpack_memberships_contains_paid_content":false,"footnotes":""},"categories":[3],"tags":[],"class_list":["post-5455","post","type-post","status-publish","format-standard","has-post-thumbnail","hentry","category-duyuru"],"jetpack_sharing_enabled":true,"jetpack_featured_media_url":"https:\/\/elazigtso.org.tr\/tr\/wp-content\/uploads\/2023\/07\/logo_news-80.jpg","_links":{"self":[{"href":"https:\/\/elazigtso.org.tr\/tr\/index.php\/wp-json\/wp\/v2\/posts\/5455","targetHints":{"allow":["GET"]}}],"collection":[{"href":"https:\/\/elazigtso.org.tr\/tr\/index.php\/wp-json\/wp\/v2\/posts"}],"about":[{"href":"https:\/\/elazigtso.org.tr\/tr\/index.php\/wp-json\/wp\/v2\/types\/post"}],"author":[{"embeddable":true,"href":"https:\/\/elazigtso.org.tr\/tr\/index.php\/wp-json\/wp\/v2\/users\/1"}],"replies":[{"embeddable":true,"href":"https:\/\/elazigtso.org.tr\/tr\/index.php\/wp-json\/wp\/v2\/comments?post=5455"}],"version-history":[{"count":0,"href":"https:\/\/elazigtso.org.tr\/tr\/index.php\/wp-json\/wp\/v2\/posts\/5455\/revisions"}],"wp:featuredmedia":[{"embeddable":true,"href":"https:\/\/elazigtso.org.tr\/tr\/index.php\/wp-json\/wp\/v2\/media\/5650"}],"wp:attachment":[{"href":"https:\/\/elazigtso.org.tr\/tr\/index.php\/wp-json\/wp\/v2\/media?parent=5455"}],"wp:term":[{"taxonomy":"category","embeddable":true,"href":"https:\/\/elazigtso.org.tr\/tr\/index.php\/wp-json\/wp\/v2\/categories?post=5455"},{"taxonomy":"post_tag","embeddable":true,"href":"https:\/\/elazigtso.org.tr\/tr\/index.php\/wp-json\/wp\/v2\/tags?post=5455"}],"curies":[{"name":"wp","href":"https:\/\/api.w.org\/{rel}","templated":true}]}}