{"id":5454,"date":"2023-07-27T15:39:37","date_gmt":"2023-07-27T12:39:37","guid":{"rendered":"http:\/\/elazigtso.com\/tr\/index.php\/2023\/07\/27\/banglades-isbirligi-talebi\/"},"modified":"2023-07-27T15:39:37","modified_gmt":"2023-07-27T12:39:37","slug":"banglades-isbirligi-talebi","status":"publish","type":"post","link":"https:\/\/elazigtso.org.tr\/tr\/index.php\/2023\/07\/27\/banglades-isbirligi-talebi\/","title":{"rendered":"Banglade\u015f \u0130\u015fbirli\u011fi Talebi"},"content":{"rendered":"<\/p>\n<div class=\"content-detail\">\n<p>Say\u0131n \u00dcyemiz,<\/p>\n<p>TOBB taraf\u0131ndan Odam\u0131za g\u00f6nderilen yaz\u0131da,\u00a0Ticaret Bakanl\u0131\u011f\u0131&#8217;n\u0131n 09.11.2022 tarih ve 79857007 say\u0131l\u0131 yaz\u0131s\u0131,\u00a0\u0130lgide kay\u0131tl\u0131 yaz\u0131da, Dakka Ticaret M\u00fc\u015favirli\u011fi&#8217;nden al\u0131nan yaz\u0131ya atfen, Banglade\u015f&#8217;te faaliyet g\u00f6steren Haq&#8217;s Bay Automobiles Ltd. firmas\u0131n\u0131n silo projelerinde T\u00fcrk firmalarla i\u015f ortakl\u0131klar\u0131 kurma talebi oldu\u011fu belirtilerek, an\u0131lan firma profili ekte g\u00f6nderilmektedir.<\/p>\n<p>Di\u011fer yandan, yak\u0131n gelecekte &#8220;Directorate General of Food, Bangladesh&#8221; isimli kamu kurumu taraf\u0131ndan<br \/>\nd\u00fczenlenmesi beklenen silo projesi ihalesine ili\u015fkin master plan\u0131 da ekte sunulmaktad\u0131r.<\/p>\n<p><a href=\"http:\/\/www.elazigtso.org.tr\/public\/docs_oda\/duyuru\/09.12\/Banglade%C5%9F%20%C4%B0%C5%9Fbirli%C4%9Fi%20Talebi.pdf\">Ek:1<\/a><\/p>\n<p><a href=\"http:\/\/www.elazigtso.org.tr\/public\/docs_oda\/duyuru\/09.12\/11%20EK.pdf\">Ek:2<\/a><\/p>\n<p>\u00a0Sayg\u0131lar\u0131m\u0131zla,<\/p>\n<p>Elaz\u0131\u011f Ticaret ve Sanayi Odas\u0131<\/p>\n<p>\u00a0<\/p>\n<p>Bu duyuru 170 defa okundu. <\/p>\n<p>Ekleme Tarihi :2022-11-14 09:51:00 <\/p>\n<\/p><\/div>\n","protected":false},"excerpt":{"rendered":"<p>Say\u0131n \u00dcyemiz, TOBB taraf\u0131ndan Odam\u0131za g\u00f6nderilen yaz\u0131da,\u00a0Ticaret Bakanl\u0131\u011f\u0131&#8217;n\u0131n 09.11.2022 tarih ve 79857007 say\u0131l\u0131 yaz\u0131s\u0131,\u00a0\u0130lgide kay\u0131tl\u0131 yaz\u0131da, Dakka Ticaret M\u00fc\u015favirli\u011fi&#8217;nden al\u0131nan yaz\u0131ya atfen, Banglade\u015f&#8217;te faaliyet g\u00f6steren Haq&#8217;s Bay Automobiles Ltd. firmas\u0131n\u0131n silo projelerinde T\u00fcrk firmalarla i\u015f ortakl\u0131klar\u0131 kurma talebi oldu\u011fu belirtilerek, an\u0131lan firma profili ekte g\u00f6nderilmektedir. Di\u011fer yandan, yak\u0131n gelecekte &#8220;Directorate General of Food, Bangladesh&#8221; isimli [&hellip;]<\/p>\n","protected":false},"author":1,"featured_media":5650,"comment_status":"open","ping_status":"open","sticky":false,"template":"","format":"standard","meta":{"_jetpack_memberships_contains_paid_content":false,"footnotes":""},"categories":[3],"tags":[],"class_list":["post-5454","post","type-post","status-publish","format-standard","has-post-thumbnail","hentry","category-duyuru"],"jetpack_sharing_enabled":true,"jetpack_featured_media_url":"https:\/\/elazigtso.org.tr\/tr\/wp-content\/uploads\/2023\/07\/logo_news-80.jpg","_links":{"self":[{"href":"https:\/\/elazigtso.org.tr\/tr\/index.php\/wp-json\/wp\/v2\/posts\/5454","targetHints":{"allow":["GET"]}}],"collection":[{"href":"https:\/\/elazigtso.org.tr\/tr\/index.php\/wp-json\/wp\/v2\/posts"}],"about":[{"href":"https:\/\/elazigtso.org.tr\/tr\/index.php\/wp-json\/wp\/v2\/types\/post"}],"author":[{"embeddable":true,"href":"https:\/\/elazigtso.org.tr\/tr\/index.php\/wp-json\/wp\/v2\/users\/1"}],"replies":[{"embeddable":true,"href":"https:\/\/elazigtso.org.tr\/tr\/index.php\/wp-json\/wp\/v2\/comments?post=5454"}],"version-history":[{"count":0,"href":"https:\/\/elazigtso.org.tr\/tr\/index.php\/wp-json\/wp\/v2\/posts\/5454\/revisions"}],"wp:featuredmedia":[{"embeddable":true,"href":"https:\/\/elazigtso.org.tr\/tr\/index.php\/wp-json\/wp\/v2\/media\/5650"}],"wp:attachment":[{"href":"https:\/\/elazigtso.org.tr\/tr\/index.php\/wp-json\/wp\/v2\/media?parent=5454"}],"wp:term":[{"taxonomy":"category","embeddable":true,"href":"https:\/\/elazigtso.org.tr\/tr\/index.php\/wp-json\/wp\/v2\/categories?post=5454"},{"taxonomy":"post_tag","embeddable":true,"href":"https:\/\/elazigtso.org.tr\/tr\/index.php\/wp-json\/wp\/v2\/tags?post=5454"}],"curies":[{"name":"wp","href":"https:\/\/api.w.org\/{rel}","templated":true}]}}