{"id":5453,"date":"2023-07-27T15:37:30","date_gmt":"2023-07-27T12:37:30","guid":{"rendered":"http:\/\/elazigtso.com\/tr\/index.php\/2023\/07\/27\/trinidad-ve-tobago-liman-idaresi-gemi-satimi\/"},"modified":"2023-07-27T15:37:30","modified_gmt":"2023-07-27T12:37:30","slug":"trinidad-ve-tobago-liman-idaresi-gemi-satimi","status":"publish","type":"post","link":"https:\/\/elazigtso.org.tr\/tr\/index.php\/2023\/07\/27\/trinidad-ve-tobago-liman-idaresi-gemi-satimi\/","title":{"rendered":"Trinidad ve Tobago Liman \u0130daresi Gemi Sat\u0131m\u0131"},"content":{"rendered":"<\/p>\n<div class=\"content-detail\">\n<p>Say\u0131n \u00dcyemiz,<\/p>\n<p>TOBB taraf\u0131ndan Odam\u0131za g\u00f6nderilen yaz\u0131da,\u00a0Ticaret Bakanl\u0131\u011f\u0131&#8217;n\u0131n 03.11.2022 tarih ve E-57637780-724.01.01-00079662996 say\u0131l\u0131 yaz\u0131s\u0131,\u00a0\u0130lgide kay\u0131tl\u0131 yaz\u0131da, D\u0131\u015fi\u015fleri Bakanl\u0131\u011f\u0131&#8217;ndan al\u0131nan yaz\u0131ya atfen, Trinidad ve Tobago (TT) Liman \u0130daresi taraf\u0131ndan iletilen duyuruda ekte g\u00f6nderilen 4 geminin sat\u0131\u015fa \u00e7\u0131kar\u0131ld\u0131\u011f\u0131 belirtilmektedir.<\/p>\n<p><a href=\"http:\/\/www.elazigtso.org.tr\/public\/docs_oda\/duyuru\/09.12\/Trinidad%20ve%20Tobago%20Liman%20%C4%B0daresi%20Gemi%20Sat%C4%B1m%C4%B1.pdf\" target=\"_blank\" rel=\"noopener\">Ek:\u00a0Trinidad ve Tobago Liman \u0130daresi Gemi Sat\u0131m\u0131<\/a><\/p>\n<p>Sayg\u0131lar\u0131m\u0131zla,<\/p>\n<p>Elaz\u0131\u011f Ticaret ve Sanayi Odas\u0131<\/p>\n<p>\u00a0<\/p>\n<p>Bu duyuru 153 defa okundu. <\/p>\n<p>Ekleme Tarihi :2022-11-14 09:46:00 <\/p>\n<\/p><\/div>\n","protected":false},"excerpt":{"rendered":"<p>Say\u0131n \u00dcyemiz, TOBB taraf\u0131ndan Odam\u0131za g\u00f6nderilen yaz\u0131da,\u00a0Ticaret Bakanl\u0131\u011f\u0131&#8217;n\u0131n 03.11.2022 tarih ve E-57637780-724.01.01-00079662996 say\u0131l\u0131 yaz\u0131s\u0131,\u00a0\u0130lgide kay\u0131tl\u0131 yaz\u0131da, D\u0131\u015fi\u015fleri Bakanl\u0131\u011f\u0131&#8217;ndan al\u0131nan yaz\u0131ya atfen, Trinidad ve Tobago (TT) Liman \u0130daresi taraf\u0131ndan iletilen duyuruda ekte g\u00f6nderilen 4 geminin sat\u0131\u015fa \u00e7\u0131kar\u0131ld\u0131\u011f\u0131 belirtilmektedir. Ek:\u00a0Trinidad ve Tobago Liman \u0130daresi Gemi Sat\u0131m\u0131 Sayg\u0131lar\u0131m\u0131zla, Elaz\u0131\u011f Ticaret ve Sanayi Odas\u0131 \u00a0 Bu duyuru 153 defa [&hellip;]<\/p>\n","protected":false},"author":1,"featured_media":5650,"comment_status":"open","ping_status":"open","sticky":false,"template":"","format":"standard","meta":{"_jetpack_memberships_contains_paid_content":false,"footnotes":""},"categories":[3],"tags":[],"class_list":["post-5453","post","type-post","status-publish","format-standard","has-post-thumbnail","hentry","category-duyuru"],"jetpack_sharing_enabled":true,"jetpack_featured_media_url":"https:\/\/elazigtso.org.tr\/tr\/wp-content\/uploads\/2023\/07\/logo_news-80.jpg","_links":{"self":[{"href":"https:\/\/elazigtso.org.tr\/tr\/index.php\/wp-json\/wp\/v2\/posts\/5453","targetHints":{"allow":["GET"]}}],"collection":[{"href":"https:\/\/elazigtso.org.tr\/tr\/index.php\/wp-json\/wp\/v2\/posts"}],"about":[{"href":"https:\/\/elazigtso.org.tr\/tr\/index.php\/wp-json\/wp\/v2\/types\/post"}],"author":[{"embeddable":true,"href":"https:\/\/elazigtso.org.tr\/tr\/index.php\/wp-json\/wp\/v2\/users\/1"}],"replies":[{"embeddable":true,"href":"https:\/\/elazigtso.org.tr\/tr\/index.php\/wp-json\/wp\/v2\/comments?post=5453"}],"version-history":[{"count":0,"href":"https:\/\/elazigtso.org.tr\/tr\/index.php\/wp-json\/wp\/v2\/posts\/5453\/revisions"}],"wp:featuredmedia":[{"embeddable":true,"href":"https:\/\/elazigtso.org.tr\/tr\/index.php\/wp-json\/wp\/v2\/media\/5650"}],"wp:attachment":[{"href":"https:\/\/elazigtso.org.tr\/tr\/index.php\/wp-json\/wp\/v2\/media?parent=5453"}],"wp:term":[{"taxonomy":"category","embeddable":true,"href":"https:\/\/elazigtso.org.tr\/tr\/index.php\/wp-json\/wp\/v2\/categories?post=5453"},{"taxonomy":"post_tag","embeddable":true,"href":"https:\/\/elazigtso.org.tr\/tr\/index.php\/wp-json\/wp\/v2\/tags?post=5453"}],"curies":[{"name":"wp","href":"https:\/\/api.w.org\/{rel}","templated":true}]}}