{"id":5452,"date":"2023-07-27T15:36:23","date_gmt":"2023-07-27T12:36:23","guid":{"rendered":"http:\/\/elazigtso.com\/tr\/index.php\/2023\/07\/27\/anket-calismasi\/"},"modified":"2023-07-27T15:36:23","modified_gmt":"2023-07-27T12:36:23","slug":"anket-calismasi","status":"publish","type":"post","link":"https:\/\/elazigtso.org.tr\/tr\/index.php\/2023\/07\/27\/anket-calismasi\/","title":{"rendered":"Anket \u00c7al\u0131\u015fmas\u0131"},"content":{"rendered":"<\/p>\n<div class=\"content-detail\">\n<p>Say\u0131n \u00dcyemiz,<\/p>\n<p>\u00c7al\u0131\u015fma Ve Sosyal G\u00fcvenlik Bakanl\u0131\u011f\u0131\u00a0Uluslararas\u0131 \u0130\u015fg\u00fcc\u00fc Genel M\u00fcd\u00fcrl\u00fc\u011f\u00fc taraf\u0131ndan Odam\u0131za g\u00f6nderilen yaz\u0131ya atfen,\u00a0Bilindi\u011fi \u00fczere, Genel M\u00fcd\u00fcrl\u00fc\u011f\u00fcm\u00fcz, 13 A\u011fustos 2016 tarihinde y\u00fcr\u00fcrl\u00fc\u011fe giren 6735 say\u0131l\u0131 Uluslararas\u0131 \u0130\u015fg\u00fcc\u00fc Kanunu ile kurulmu\u015f olup s\u00f6z konusu kanunun &#8220;Ama\u00e7&#8221; ba\u015fl\u0131kl\u0131 1. maddesinde &#8220;Kanunun amac\u0131n\u0131n; uluslararas\u0131 i\u015fg\u00fcc\u00fcne ili\u015fkin politikalar\u0131n belirlenmesi, uygulanmas\u0131, izlenmesi ile yabanc\u0131lara verilecek \u00e7al\u0131\u015fma izni ve \u00e7al\u0131\u015fma izni muafiyetlerine dair i\u015f ve i\u015flemlerde izlenecek usul ve esaslar\u0131, yetki ve sorumluluklar\u0131 ve uluslararas\u0131 i\u015fg\u00fcc\u00fc alan\u0131ndaki hak ve y\u00fck\u00fcml\u00fcl\u00fckleri d\u00fczenlemek&#8221; oldu\u011fu belirtilmi\u015f ve Genel M\u00fcd\u00fcrl\u00fc\u011f\u00fcm\u00fcz bu konularda faaliyette bulunmak \u00fczere yetkilendirilmi\u015ftir.<\/p>\n<p>Bu \u00e7er\u00e7evede, Genel M\u00fcd\u00fcrl\u00fc\u011f\u00fcm\u00fcz\u00fcn faaliyet ve g\u00f6revleri ile yabanc\u0131lar\u0131n \u00fclkemizde \u00e7al\u0131\u015fmas\u0131<br \/>\nile ilgili mevzuat konusunda t\u00fcm kamu ve \u00f6zel sekt\u00f6r kurum ve kurulu\u015flar\u0131n\u0131n, i\u015fverenlerin, yabanc\u0131lar\u0131n,<br \/>\nuluslararas\u0131 kurulu\u015flar\u0131n ve sosyal taraflar\u0131n bilgi ve fark\u0131ndal\u0131k d\u00fczeylerinin art\u0131r\u0131lmas\u0131na y\u00f6nelik<br \/>\n\u00e7al\u0131\u015fmalar s\u00fcrd\u00fcr\u00fclmektedir.<\/p>\n<p>S\u00f6z konusu konularda ilgili kurumlar\u0131n bilgi ve fark\u0131ndal\u0131k d\u00fczeylerinin tespit edilmesine y\u00f6nelik<br \/>\nolarak bir anket \u00e7al\u0131\u015fmas\u0131 ger\u00e7ekle\u015ftirilmesi ve sonras\u0131nda anket sonu\u00e7lar\u0131 kullan\u0131larak Genel<br \/>\nM\u00fcd\u00fcrl\u00fc\u011f\u00fcm\u00fcz ileti\u015fim stratejisinin haz\u0131rlanmas\u0131 planlanmaktad\u0131r.<\/p>\n<p>Bu kapsamda odan\u0131za kay\u0131tl\u0131 i\u015fletmelerin yetkililerince doldurulmak \u00fczere haz\u0131rlanan anket formu<br \/>\nyaz\u0131m\u0131z ekinde g\u00f6nderilmekte olup s\u00f6z konusu formun odan\u0131za kay\u0131tl\u0131 i\u015fletmelere iletilmesi (odan\u0131za<br \/>\nkay\u0131tl\u0131 farkl\u0131 sekt\u00f6rlerde faaliyet g\u00f6steren en az 10 i\u015fletmeye iletilmesi yararl\u0131 olacakt\u0131r) ile en ge\u00e7<br \/>\n25 Kas\u0131m 2022 tarihine kadar online olarak https:\/\/tr.surveymonkey.com\/r\/CDNKLTM adresinden<br \/>\ndoldurulmas\u0131 veya kaan.sahin@csgb.gov.tr e-posta adresine g\u00f6nderilmesi hususunda bilgilerini ve<br \/>\ngere\u011fini rica ederim.<\/p>\n<p><a href=\"http:\/\/www.elazigtso.org.tr\/public\/docs_oda\/duyuru\/09.12\/10%20ek%20%281%29.docx\" target=\"_blank\" rel=\"noopener\">Ek:\u00a0Anket \u00c7al\u0131\u015fmas\u0131<\/a><\/p>\n<p>Sayg\u0131lar\u0131m\u0131zla,<\/p>\n<p>Elaz\u0131\u011f Ticaret ve Sanayi Odas\u0131<\/p>\n<p>\u00a0<\/p>\n<p>Bu duyuru 172 defa okundu. <\/p>\n<p>Ekleme Tarihi :2022-11-11 10:36:00 <\/p>\n<\/p><\/div>\n","protected":false},"excerpt":{"rendered":"<p>Say\u0131n \u00dcyemiz, \u00c7al\u0131\u015fma Ve Sosyal G\u00fcvenlik Bakanl\u0131\u011f\u0131\u00a0Uluslararas\u0131 \u0130\u015fg\u00fcc\u00fc Genel M\u00fcd\u00fcrl\u00fc\u011f\u00fc taraf\u0131ndan Odam\u0131za g\u00f6nderilen yaz\u0131ya atfen,\u00a0Bilindi\u011fi \u00fczere, Genel M\u00fcd\u00fcrl\u00fc\u011f\u00fcm\u00fcz, 13 A\u011fustos 2016 tarihinde y\u00fcr\u00fcrl\u00fc\u011fe giren 6735 say\u0131l\u0131 Uluslararas\u0131 \u0130\u015fg\u00fcc\u00fc Kanunu ile kurulmu\u015f olup s\u00f6z konusu kanunun &#8220;Ama\u00e7&#8221; ba\u015fl\u0131kl\u0131 1. maddesinde &#8220;Kanunun amac\u0131n\u0131n; uluslararas\u0131 i\u015fg\u00fcc\u00fcne ili\u015fkin politikalar\u0131n belirlenmesi, uygulanmas\u0131, izlenmesi ile yabanc\u0131lara verilecek \u00e7al\u0131\u015fma izni ve \u00e7al\u0131\u015fma [&hellip;]<\/p>\n","protected":false},"author":1,"featured_media":5650,"comment_status":"open","ping_status":"open","sticky":false,"template":"","format":"standard","meta":{"_jetpack_memberships_contains_paid_content":false,"footnotes":""},"categories":[3],"tags":[],"class_list":["post-5452","post","type-post","status-publish","format-standard","has-post-thumbnail","hentry","category-duyuru"],"jetpack_sharing_enabled":true,"jetpack_featured_media_url":"https:\/\/elazigtso.org.tr\/tr\/wp-content\/uploads\/2023\/07\/logo_news-80.jpg","_links":{"self":[{"href":"https:\/\/elazigtso.org.tr\/tr\/index.php\/wp-json\/wp\/v2\/posts\/5452","targetHints":{"allow":["GET"]}}],"collection":[{"href":"https:\/\/elazigtso.org.tr\/tr\/index.php\/wp-json\/wp\/v2\/posts"}],"about":[{"href":"https:\/\/elazigtso.org.tr\/tr\/index.php\/wp-json\/wp\/v2\/types\/post"}],"author":[{"embeddable":true,"href":"https:\/\/elazigtso.org.tr\/tr\/index.php\/wp-json\/wp\/v2\/users\/1"}],"replies":[{"embeddable":true,"href":"https:\/\/elazigtso.org.tr\/tr\/index.php\/wp-json\/wp\/v2\/comments?post=5452"}],"version-history":[{"count":0,"href":"https:\/\/elazigtso.org.tr\/tr\/index.php\/wp-json\/wp\/v2\/posts\/5452\/revisions"}],"wp:featuredmedia":[{"embeddable":true,"href":"https:\/\/elazigtso.org.tr\/tr\/index.php\/wp-json\/wp\/v2\/media\/5650"}],"wp:attachment":[{"href":"https:\/\/elazigtso.org.tr\/tr\/index.php\/wp-json\/wp\/v2\/media?parent=5452"}],"wp:term":[{"taxonomy":"category","embeddable":true,"href":"https:\/\/elazigtso.org.tr\/tr\/index.php\/wp-json\/wp\/v2\/categories?post=5452"},{"taxonomy":"post_tag","embeddable":true,"href":"https:\/\/elazigtso.org.tr\/tr\/index.php\/wp-json\/wp\/v2\/tags?post=5452"}],"curies":[{"name":"wp","href":"https:\/\/api.w.org\/{rel}","templated":true}]}}