{"id":5447,"date":"2023-07-27T15:31:14","date_gmt":"2023-07-27T12:31:14","guid":{"rendered":"http:\/\/elazigtso.com\/tr\/index.php\/2023\/07\/27\/pro-dominicana-direktoru-biviana-riveironun-birligimizi-ziyareti\/"},"modified":"2023-07-27T15:31:14","modified_gmt":"2023-07-27T12:31:14","slug":"pro-dominicana-direktoru-biviana-riveironun-birligimizi-ziyareti","status":"publish","type":"post","link":"https:\/\/elazigtso.org.tr\/tr\/index.php\/2023\/07\/27\/pro-dominicana-direktoru-biviana-riveironun-birligimizi-ziyareti\/","title":{"rendered":"Pro-Dominicana Direkt\u00f6r\u00fc Biviana Riveiro&#8217;nun Birli\u011fimizi Ziyareti"},"content":{"rendered":"<\/p>\n<div class=\"content-detail\">\n<p>Say\u0131n \u00dcyemiz,<\/p>\n<p>TOBB taraf\u0131ndan Odam\u0131za g\u00f6nderilen yaz\u0131ya atfen,\u00a0Dominik Cumhuriyeti, Karayiplerdeki en b\u00fcy\u00fck ekonomi olup, D\u00fcnya Bankas\u0131na g\u00f6re \u00fcst gelir grubunda yer alan geli\u015fme yolundaki bir \u00fclkedir. Bu kapsamda Dominik ile ikili ili\u015fkilerimizi geli\u015ftirme hususunda faydal\u0131 olmas\u0131 ad\u0131na Pro-Dominicana (Dominik \u0130hracat ve Yat\u0131r\u0131m Ajans\u0131) Direkt\u00f6r\u00fc Biviana Riveiro, <b>17 Kas\u0131m 2022 saat 10.30&#8217;da TOBB \u0130kiz<\/b> <b>Kuleler&#8217;de<\/b> i\u015f insanlar\u0131 ile bir toplant\u0131 ger\u00e7ekle\u015ftirecektir. Toplant\u0131 \u00e7er\u00e7evesinde Dominik&#8217;teki yat\u0131r\u0131m f\u0131rsatlar\u0131na ili\u015fkin bir <b>Yat\u0131r\u0131m Rehberi<\/b> sunumu da yap\u0131lacakt\u0131r.<\/p>\n<p>Kat\u0131l\u0131m i\u00e7in https:\/\/anket.tobb.org.tr\/#\/anket\/dominiktoplantisi ba\u011flant\u0131s\u0131ndan kay\u0131t formunun 16 Kas\u0131m<br \/>\n2022 \u00c7ar\u015famba g\u00fcn\u00fc mesai bitimine kadar doldurulmas\u0131 gerekmektedir.<\/p>\n<p>Sayg\u0131lar\u0131m\u0131zla,<\/p>\n<p>Elaz\u0131\u011f Ticaret ve Sanayi Odas\u0131\u00a0<\/p>\n<p>\u00a0<\/p>\n<p>Bu duyuru 266 defa okundu. <\/p>\n<p>Ekleme Tarihi :2022-11-09 03:00:00 <\/p>\n<\/p><\/div>\n","protected":false},"excerpt":{"rendered":"<p>Say\u0131n \u00dcyemiz, TOBB taraf\u0131ndan Odam\u0131za g\u00f6nderilen yaz\u0131ya atfen,\u00a0Dominik Cumhuriyeti, Karayiplerdeki en b\u00fcy\u00fck ekonomi olup, D\u00fcnya Bankas\u0131na g\u00f6re \u00fcst gelir grubunda yer alan geli\u015fme yolundaki bir \u00fclkedir. Bu kapsamda Dominik ile ikili ili\u015fkilerimizi geli\u015ftirme hususunda faydal\u0131 olmas\u0131 ad\u0131na Pro-Dominicana (Dominik \u0130hracat ve Yat\u0131r\u0131m Ajans\u0131) Direkt\u00f6r\u00fc Biviana Riveiro, 17 Kas\u0131m 2022 saat 10.30&#8217;da TOBB \u0130kiz Kuleler&#8217;de i\u015f [&hellip;]<\/p>\n","protected":false},"author":1,"featured_media":5650,"comment_status":"open","ping_status":"open","sticky":false,"template":"","format":"standard","meta":{"_jetpack_memberships_contains_paid_content":false,"footnotes":""},"categories":[3],"tags":[],"class_list":["post-5447","post","type-post","status-publish","format-standard","has-post-thumbnail","hentry","category-duyuru"],"jetpack_sharing_enabled":true,"jetpack_featured_media_url":"https:\/\/elazigtso.org.tr\/tr\/wp-content\/uploads\/2023\/07\/logo_news-80.jpg","_links":{"self":[{"href":"https:\/\/elazigtso.org.tr\/tr\/index.php\/wp-json\/wp\/v2\/posts\/5447","targetHints":{"allow":["GET"]}}],"collection":[{"href":"https:\/\/elazigtso.org.tr\/tr\/index.php\/wp-json\/wp\/v2\/posts"}],"about":[{"href":"https:\/\/elazigtso.org.tr\/tr\/index.php\/wp-json\/wp\/v2\/types\/post"}],"author":[{"embeddable":true,"href":"https:\/\/elazigtso.org.tr\/tr\/index.php\/wp-json\/wp\/v2\/users\/1"}],"replies":[{"embeddable":true,"href":"https:\/\/elazigtso.org.tr\/tr\/index.php\/wp-json\/wp\/v2\/comments?post=5447"}],"version-history":[{"count":0,"href":"https:\/\/elazigtso.org.tr\/tr\/index.php\/wp-json\/wp\/v2\/posts\/5447\/revisions"}],"wp:featuredmedia":[{"embeddable":true,"href":"https:\/\/elazigtso.org.tr\/tr\/index.php\/wp-json\/wp\/v2\/media\/5650"}],"wp:attachment":[{"href":"https:\/\/elazigtso.org.tr\/tr\/index.php\/wp-json\/wp\/v2\/media?parent=5447"}],"wp:term":[{"taxonomy":"category","embeddable":true,"href":"https:\/\/elazigtso.org.tr\/tr\/index.php\/wp-json\/wp\/v2\/categories?post=5447"},{"taxonomy":"post_tag","embeddable":true,"href":"https:\/\/elazigtso.org.tr\/tr\/index.php\/wp-json\/wp\/v2\/tags?post=5447"}],"curies":[{"name":"wp","href":"https:\/\/api.w.org\/{rel}","templated":true}]}}