{"id":5445,"date":"2023-07-27T15:27:10","date_gmt":"2023-07-27T12:27:10","guid":{"rendered":"http:\/\/elazigtso.com\/tr\/index.php\/2023\/07\/27\/almanyada-aktif-aile-sirketlerinin-devralinmasi\/"},"modified":"2023-07-27T15:27:10","modified_gmt":"2023-07-27T12:27:10","slug":"almanyada-aktif-aile-sirketlerinin-devralinmasi","status":"publish","type":"post","link":"https:\/\/elazigtso.org.tr\/tr\/index.php\/2023\/07\/27\/almanyada-aktif-aile-sirketlerinin-devralinmasi\/","title":{"rendered":"Almanya&#8217;da Aktif Aile \u015eirketlerinin Devral\u0131nmas\u0131"},"content":{"rendered":"<\/p>\n<div class=\"content-detail\">\n<p>Say\u0131n \u00dcyemiz,<\/p>\n<p>TOBB taraf\u0131ndan Odam\u0131za g\u00f6nderilen yaz\u0131da,\u00a0Ticaret Bakanl\u0131\u011f\u0131&#8217;n\u0131n 01.11.2022 tarihli ve E-86541099-724.01.01-00079588450 say\u0131l\u0131 yaz\u0131s\u0131na atfen,\u00a0\u0130lgide kay\u0131tl\u0131 yaz\u0131da, n\u00fcfusunun yar\u0131s\u0131ndan fazlas\u0131 40 ya\u015f \u00fczeri olan Federal Almanya Cumhuriyeti&#8217;nde yeni neslin bulunmamas\u0131 ya da aile \u015firketini devam ettirmemeye y\u00f6nelmemesi nedeniyle bir\u00e7ok karl\u0131 \u015firketin, ticari faaliyetlerine devam edemedi\u011fi ve ticari faaliyetlerinin \u00f6nemli bir k\u0131sm\u0131n\u0131 ba\u015fka i\u015fletmelere devredece\u011fi iletilmektedir.<\/p>\n<p>Yaz\u0131da devamla, durumun Almanya&#8217;ya ihracat ger\u00e7ekle\u015ftiren ya da pazara girme f\u0131rsat\u0131 arayan T\u00fcrk<br \/>\nfirmalar\u0131m\u0131z i\u00e7in \u00f6nemli bir f\u0131rsat bar\u0131nd\u0131rd\u0131\u011f\u0131, Federal Almanya Ekonomi ve \u0130klim Koruma Bakanl\u0131\u011f\u0131 ve<br \/>\nAlmanya Sanayi ve Ticaret Odas\u0131 koordinasyonunda y\u00fcr\u00fct\u00fclen &#8220;NEXXT-CHANGE&#8221; veri taban\u0131ndan<br \/>\ndevredilmesi planlanan firmalara ili\u015fkin detayl\u0131 bilgilere ula\u015f\u0131lmas\u0131n\u0131n m\u00fcmk\u00fcn oldu\u011fu, firmalar\u0131n<br \/>\ndevral\u0131nmas\u0131 noktas\u0131ndaki finansman ihtiyac\u0131n\u0131 kar\u015f\u0131lamak ve finansal planlaman\u0131n ger\u00e7ekle\u015ftirilmesi ad\u0131na<br \/>\nAlmanya Kalk\u0131nma Bankas\u0131n\u0131n (KfW Bank) da projenin \u00f6nemli bir uygulay\u0131c\u0131s\u0131 konumunda bulundu\u011fu ifade<br \/>\nedilmektedir.<\/p>\n<p>Devredilmesi g\u00fcndemde olan \u015firketlere ili\u015fkin liste ektedir.<\/p>\n<p><a href=\"http:\/\/www.elazigtso.org.tr\/public\/docs_oda\/duyuru\/08.11.22\/17%20ek.xlsx\" target=\"_blank\" rel=\"noopener\">Ek:\u00a0Almanya&#8217;da Aktif Aile \u015eirketlerinin Devral\u0131nmas\u0131<\/a><\/p>\n<p>Sayg\u0131lar\u0131m\u0131zla,<\/p>\n<p>Elaz\u0131\u011f Ticaret ve Sanayi Odas\u0131<\/p>\n<p><\/p>\n<p>\u00a0<\/p>\n<p>Bu duyuru 849 defa okundu. <\/p>\n<p>Ekleme Tarihi :2022-11-08 11:16:00 <\/p>\n<\/p><\/div>\n","protected":false},"excerpt":{"rendered":"<p>Say\u0131n \u00dcyemiz, TOBB taraf\u0131ndan Odam\u0131za g\u00f6nderilen yaz\u0131da,\u00a0Ticaret Bakanl\u0131\u011f\u0131&#8217;n\u0131n 01.11.2022 tarihli ve E-86541099-724.01.01-00079588450 say\u0131l\u0131 yaz\u0131s\u0131na atfen,\u00a0\u0130lgide kay\u0131tl\u0131 yaz\u0131da, n\u00fcfusunun yar\u0131s\u0131ndan fazlas\u0131 40 ya\u015f \u00fczeri olan Federal Almanya Cumhuriyeti&#8217;nde yeni neslin bulunmamas\u0131 ya da aile \u015firketini devam ettirmemeye y\u00f6nelmemesi nedeniyle bir\u00e7ok karl\u0131 \u015firketin, ticari faaliyetlerine devam edemedi\u011fi ve ticari faaliyetlerinin \u00f6nemli bir k\u0131sm\u0131n\u0131 ba\u015fka i\u015fletmelere devredece\u011fi iletilmektedir. [&hellip;]<\/p>\n","protected":false},"author":1,"featured_media":5650,"comment_status":"open","ping_status":"open","sticky":false,"template":"","format":"standard","meta":{"_jetpack_memberships_contains_paid_content":false,"footnotes":""},"categories":[3],"tags":[],"class_list":["post-5445","post","type-post","status-publish","format-standard","has-post-thumbnail","hentry","category-duyuru"],"jetpack_sharing_enabled":true,"jetpack_featured_media_url":"https:\/\/elazigtso.org.tr\/tr\/wp-content\/uploads\/2023\/07\/logo_news-80.jpg","_links":{"self":[{"href":"https:\/\/elazigtso.org.tr\/tr\/index.php\/wp-json\/wp\/v2\/posts\/5445","targetHints":{"allow":["GET"]}}],"collection":[{"href":"https:\/\/elazigtso.org.tr\/tr\/index.php\/wp-json\/wp\/v2\/posts"}],"about":[{"href":"https:\/\/elazigtso.org.tr\/tr\/index.php\/wp-json\/wp\/v2\/types\/post"}],"author":[{"embeddable":true,"href":"https:\/\/elazigtso.org.tr\/tr\/index.php\/wp-json\/wp\/v2\/users\/1"}],"replies":[{"embeddable":true,"href":"https:\/\/elazigtso.org.tr\/tr\/index.php\/wp-json\/wp\/v2\/comments?post=5445"}],"version-history":[{"count":0,"href":"https:\/\/elazigtso.org.tr\/tr\/index.php\/wp-json\/wp\/v2\/posts\/5445\/revisions"}],"wp:featuredmedia":[{"embeddable":true,"href":"https:\/\/elazigtso.org.tr\/tr\/index.php\/wp-json\/wp\/v2\/media\/5650"}],"wp:attachment":[{"href":"https:\/\/elazigtso.org.tr\/tr\/index.php\/wp-json\/wp\/v2\/media?parent=5445"}],"wp:term":[{"taxonomy":"category","embeddable":true,"href":"https:\/\/elazigtso.org.tr\/tr\/index.php\/wp-json\/wp\/v2\/categories?post=5445"},{"taxonomy":"post_tag","embeddable":true,"href":"https:\/\/elazigtso.org.tr\/tr\/index.php\/wp-json\/wp\/v2\/tags?post=5445"}],"curies":[{"name":"wp","href":"https:\/\/api.w.org\/{rel}","templated":true}]}}