{"id":5443,"date":"2023-07-27T14:58:25","date_gmt":"2023-07-27T11:58:25","guid":{"rendered":"http:\/\/elazigtso.com\/tr\/index.php\/2023\/07\/27\/hungexpo-exhibition-programme-for-2023\/"},"modified":"2023-07-27T14:58:25","modified_gmt":"2023-07-27T11:58:25","slug":"hungexpo-exhibition-programme-for-2023","status":"publish","type":"post","link":"https:\/\/elazigtso.org.tr\/tr\/index.php\/2023\/07\/27\/hungexpo-exhibition-programme-for-2023\/","title":{"rendered":"HUNGEXPO Exhibition Programme for 2023"},"content":{"rendered":"<\/p>\n<div class=\"content-detail\">\n<p>Say\u0131n \u00dcyemiz,<\/p>\n<p>TOBB taraf\u0131ndan Odam\u0131za g\u00f6nderilen yaz\u0131da,\u00a0Macaristan Ankara B\u00fcy\u00fckel\u00e7ili\u011fi&#8217;nin 26.10.2022 tarihli epostas\u0131na atfen,\u00a0\u0130lgide kay\u0131tl\u0131 e-posta mesaj\u0131nda, Budape\u015fte Kongre ve Sergi Merkezi&#8217;nin (HUNGEXPO) 2023 program\u0131n\u0131n detaylar\u0131 iletilerek, t\u00fcm \u00f6nemli bilgilere https:\/\/hungexpo.hu\/en adresinden ula\u015f\u0131labilece\u011fi belirtilmektedir. Ayr\u0131ca, ekte HUNGEXPO bro\u015f\u00fcr\u00fc yer almaktad\u0131r.<\/p>\n<p><a href=\"http:\/\/www.elazigtso.org.tr\/public\/docs_oda\/duyuru\/08.11.22\/HUNGEXPO%20Exhibition%20Programme%20for%202023.pdf\" target=\"_blank\" rel=\"noopener\">Ek:\u00a0HUNGEXPO Exhibition Programme for 2023<\/a><\/p>\n<p>Sayg\u0131lar\u0131m\u0131zla,<\/p>\n<p>Elaz\u0131\u011f Ticaret ve Sanayi Odas\u0131<\/p>\n<p>\u00a0<\/p>\n<p>Bu duyuru 460 defa okundu. <\/p>\n<p>Ekleme Tarihi :2022-11-08 11:07:00 <\/p>\n<\/p><\/div>\n","protected":false},"excerpt":{"rendered":"<p>Say\u0131n \u00dcyemiz, TOBB taraf\u0131ndan Odam\u0131za g\u00f6nderilen yaz\u0131da,\u00a0Macaristan Ankara B\u00fcy\u00fckel\u00e7ili\u011fi&#8217;nin 26.10.2022 tarihli epostas\u0131na atfen,\u00a0\u0130lgide kay\u0131tl\u0131 e-posta mesaj\u0131nda, Budape\u015fte Kongre ve Sergi Merkezi&#8217;nin (HUNGEXPO) 2023 program\u0131n\u0131n detaylar\u0131 iletilerek, t\u00fcm \u00f6nemli bilgilere https:\/\/hungexpo.hu\/en adresinden ula\u015f\u0131labilece\u011fi belirtilmektedir. Ayr\u0131ca, ekte HUNGEXPO bro\u015f\u00fcr\u00fc yer almaktad\u0131r. Ek:\u00a0HUNGEXPO Exhibition Programme for 2023 Sayg\u0131lar\u0131m\u0131zla, Elaz\u0131\u011f Ticaret ve Sanayi Odas\u0131 \u00a0 Bu duyuru 460 defa [&hellip;]<\/p>\n","protected":false},"author":1,"featured_media":5650,"comment_status":"open","ping_status":"open","sticky":false,"template":"","format":"standard","meta":{"_jetpack_memberships_contains_paid_content":false,"footnotes":""},"categories":[3],"tags":[],"class_list":["post-5443","post","type-post","status-publish","format-standard","has-post-thumbnail","hentry","category-duyuru"],"jetpack_sharing_enabled":true,"jetpack_featured_media_url":"https:\/\/elazigtso.org.tr\/tr\/wp-content\/uploads\/2023\/07\/logo_news-80.jpg","_links":{"self":[{"href":"https:\/\/elazigtso.org.tr\/tr\/index.php\/wp-json\/wp\/v2\/posts\/5443","targetHints":{"allow":["GET"]}}],"collection":[{"href":"https:\/\/elazigtso.org.tr\/tr\/index.php\/wp-json\/wp\/v2\/posts"}],"about":[{"href":"https:\/\/elazigtso.org.tr\/tr\/index.php\/wp-json\/wp\/v2\/types\/post"}],"author":[{"embeddable":true,"href":"https:\/\/elazigtso.org.tr\/tr\/index.php\/wp-json\/wp\/v2\/users\/1"}],"replies":[{"embeddable":true,"href":"https:\/\/elazigtso.org.tr\/tr\/index.php\/wp-json\/wp\/v2\/comments?post=5443"}],"version-history":[{"count":0,"href":"https:\/\/elazigtso.org.tr\/tr\/index.php\/wp-json\/wp\/v2\/posts\/5443\/revisions"}],"wp:featuredmedia":[{"embeddable":true,"href":"https:\/\/elazigtso.org.tr\/tr\/index.php\/wp-json\/wp\/v2\/media\/5650"}],"wp:attachment":[{"href":"https:\/\/elazigtso.org.tr\/tr\/index.php\/wp-json\/wp\/v2\/media?parent=5443"}],"wp:term":[{"taxonomy":"category","embeddable":true,"href":"https:\/\/elazigtso.org.tr\/tr\/index.php\/wp-json\/wp\/v2\/categories?post=5443"},{"taxonomy":"post_tag","embeddable":true,"href":"https:\/\/elazigtso.org.tr\/tr\/index.php\/wp-json\/wp\/v2\/tags?post=5443"}],"curies":[{"name":"wp","href":"https:\/\/api.w.org\/{rel}","templated":true}]}}