{"id":5442,"date":"2023-07-27T14:47:20","date_gmt":"2023-07-27T11:47:20","guid":{"rendered":"http:\/\/elazigtso.com\/tr\/index.php\/2023\/07\/27\/israilde-ithalat-reformu-kapsaminda-gida-alaninda-bazi-standartlarin-yururlukten-kaldirilmasi\/"},"modified":"2023-07-27T14:47:20","modified_gmt":"2023-07-27T11:47:20","slug":"israilde-ithalat-reformu-kapsaminda-gida-alaninda-bazi-standartlarin-yururlukten-kaldirilmasi","status":"publish","type":"post","link":"https:\/\/elazigtso.org.tr\/tr\/index.php\/2023\/07\/27\/israilde-ithalat-reformu-kapsaminda-gida-alaninda-bazi-standartlarin-yururlukten-kaldirilmasi\/","title":{"rendered":"\u0130srail&#8217;de \u0130thalat Reformu Kapsam\u0131nda G\u0131da Alan\u0131nda Baz\u0131 Standartlar\u0131n Y\u00fcr\u00fcrl\u00fckten Kald\u0131r\u0131lmas\u0131"},"content":{"rendered":"<\/p>\n<div class=\"content-detail\">\n<p>Say\u0131n \u00dcyemiz,<\/p>\n<p>TOBB taraf\u0131ndan Odam\u0131za g\u00f6nderilen yaz\u0131da,\u00a0D\u0131\u015fi\u015fleri Bakanl\u0131\u011f\u0131&#8217;ndan al\u0131nan 20.10.2022 tarihli ve 35075039 say\u0131l\u0131 yaz\u0131s\u0131na atfen,\u00a0\u0130lgi&#8217;de kay\u0131tl\u0131 yaz\u0131da, \u0130srail&#8217;de, ithalat reformu kapsam\u0131nda \u00fcr\u00fcn \u00e7e\u015fitlili\u011fini artt\u0131rma ve fiyatlar\u0131 d\u00fc\u015f\u00fcrme amac\u0131yla, ithal edilen baz\u0131 g\u0131dalara dair ithalat\u0131 zorla\u015ft\u0131r\u0131c\u0131 standartlar\u0131n kald\u0131r\u0131lmas\u0131na ili\u015fkin, \u0130srail Ekonomi Bakanl\u0131\u011f\u0131&#8217;n\u0131n \u0130branice olarak yay\u0131mlanan a\u00e7\u0131klamas\u0131n\u0131n elektronik \u00e7evirisinin Tel Aviv B\u00fcy\u00fckel\u00e7ili\u011fi&#8217;nden al\u0131nd\u0131\u011f\u0131 belirtilmi\u015ftir.<\/p>\n<p>Yaz\u0131da, s\u00f6z konusu a\u00e7\u0131klamada, G\u0131da Standartlar\u0131n\u0131 \u0130nceleme Komitesi&#8217;nin, \u0130srail&#8217;deki standartlar\u0131 geli\u015fmi\u015f<br \/>\n\u00fclkelerdekilerle kar\u015f\u0131la\u015ft\u0131rd\u0131\u011f\u0131, bu \u00e7er\u00e7evede, g\u0131da alan\u0131nda ithalat\u00e7\u0131lara uygulanan, \u0130srail&#8217;e \u00f6zg\u00fc 127 standard\u0131n<br \/>\n96&#8217;s\u0131n\u0131n 1 Ocak 2023 itibariyle, g\u0131da \u00fcreticileri i\u00e7inse s\u00f6z konusu standartlar\u0131n 1 Ocak 2023&#8217;ten itibaren a\u015famal\u0131<br \/>\nolarak kald\u0131r\u0131laca\u011f\u0131 bilgisinin verildi\u011fi vurgulanm\u0131\u015ft\u0131r.<\/p>\n<p>Yaz\u0131da devamla, a\u00e7\u0131klamada, kald\u0131r\u0131lan standartlar\u0131n \u00e7ikolata \u00fcr\u00fcnleri, konserve sebzeler, makarna, pirin\u00e7,<br \/>\nkraker, kuru meyve, re\u00e7el, s\u00fct \u00fcr\u00fcnleri, dondurulmu\u015f sebzeler, baharatlar, haz\u0131r \u00e7orbalar, soslar, \u00e7ay gibi pek<br \/>\n\u00e7ok \u00fcr\u00fcn\u00fcn \u0130srail&#8217;e ithalat\u0131n\u0131 m\u00fcmk\u00fcn k\u0131laca\u011f\u0131n\u0131n aktar\u0131ld\u0131\u011f\u0131 belirtilmi\u015ftir. Bununla birlikte, \u0130srail&#8217;de ayr\u0131ca bir<br \/>\nstandart uygulanmad\u0131\u011f\u0131 takdirde ortada uygulanacak herhangi bir standart kalmayaca\u011f\u0131ndan dolay\u0131, kamu<br \/>\nsa\u011fl\u0131\u011f\u0131n\u0131 tehdit edebilecek nitelikte bo\u015fluk olu\u015fan \u00fcr\u00fcnler i\u00e7in mevcut standartlar\u0131n uygulanmaya devam<br \/>\nedece\u011fi; Komite&#8217;nin, konuya ili\u015fkin ulusal mevzuat\u0131n geli\u015fmi\u015f \u00fclkelerdeki uygulamayla paralel hale gelecek<br \/>\n\u015fekilde iyile\u015ftirilmesini \u00f6nerdi\u011finin bilgisi verilmi\u015ftir.<\/p>\n<p><a href=\"http:\/\/www.elazigtso.org.tr\/public\/docs_oda\/duyuru\/08.11.22\/srail_de%20thalat%20Reformu%20Kapsamnda%20Gda%20Alannda%20Baz%20Standartlarn%20Yrrlkten%20Kaldrlmas.pdf\" target=\"_blank\" rel=\"noopener\">Ek:\u00a0\u0130srail&#8217;de \u0130thalat Reformu Kapsam\u0131nda G\u0131da Alan\u0131nda Baz\u0131 Standartlar\u0131n Y\u00fcr\u00fcrl\u00fckten Kald\u0131r\u0131lmas\u0131<\/a><\/p>\n<p>Sayg\u0131lar\u0131m\u0131zla,<\/p>\n<p>Elaz\u0131\u011f Ticaret ve Sanayi Odas\u0131<\/p>\n<p>\u00a0<\/p>\n<p>Bu duyuru 298 defa okundu. <\/p>\n<p>Ekleme Tarihi :2022-11-08 11:04:00 <\/p>\n<\/p><\/div>\n","protected":false},"excerpt":{"rendered":"<p>Say\u0131n \u00dcyemiz, TOBB taraf\u0131ndan Odam\u0131za g\u00f6nderilen yaz\u0131da,\u00a0D\u0131\u015fi\u015fleri Bakanl\u0131\u011f\u0131&#8217;ndan al\u0131nan 20.10.2022 tarihli ve 35075039 say\u0131l\u0131 yaz\u0131s\u0131na atfen,\u00a0\u0130lgi&#8217;de kay\u0131tl\u0131 yaz\u0131da, \u0130srail&#8217;de, ithalat reformu kapsam\u0131nda \u00fcr\u00fcn \u00e7e\u015fitlili\u011fini artt\u0131rma ve fiyatlar\u0131 d\u00fc\u015f\u00fcrme amac\u0131yla, ithal edilen baz\u0131 g\u0131dalara dair ithalat\u0131 zorla\u015ft\u0131r\u0131c\u0131 standartlar\u0131n kald\u0131r\u0131lmas\u0131na ili\u015fkin, \u0130srail Ekonomi Bakanl\u0131\u011f\u0131&#8217;n\u0131n \u0130branice olarak yay\u0131mlanan a\u00e7\u0131klamas\u0131n\u0131n elektronik \u00e7evirisinin Tel Aviv B\u00fcy\u00fckel\u00e7ili\u011fi&#8217;nden al\u0131nd\u0131\u011f\u0131 belirtilmi\u015ftir. Yaz\u0131da, s\u00f6z [&hellip;]<\/p>\n","protected":false},"author":1,"featured_media":5650,"comment_status":"open","ping_status":"open","sticky":false,"template":"","format":"standard","meta":{"_jetpack_memberships_contains_paid_content":false,"footnotes":""},"categories":[3],"tags":[],"class_list":["post-5442","post","type-post","status-publish","format-standard","has-post-thumbnail","hentry","category-duyuru"],"jetpack_sharing_enabled":true,"jetpack_featured_media_url":"https:\/\/elazigtso.org.tr\/tr\/wp-content\/uploads\/2023\/07\/logo_news-80.jpg","_links":{"self":[{"href":"https:\/\/elazigtso.org.tr\/tr\/index.php\/wp-json\/wp\/v2\/posts\/5442","targetHints":{"allow":["GET"]}}],"collection":[{"href":"https:\/\/elazigtso.org.tr\/tr\/index.php\/wp-json\/wp\/v2\/posts"}],"about":[{"href":"https:\/\/elazigtso.org.tr\/tr\/index.php\/wp-json\/wp\/v2\/types\/post"}],"author":[{"embeddable":true,"href":"https:\/\/elazigtso.org.tr\/tr\/index.php\/wp-json\/wp\/v2\/users\/1"}],"replies":[{"embeddable":true,"href":"https:\/\/elazigtso.org.tr\/tr\/index.php\/wp-json\/wp\/v2\/comments?post=5442"}],"version-history":[{"count":0,"href":"https:\/\/elazigtso.org.tr\/tr\/index.php\/wp-json\/wp\/v2\/posts\/5442\/revisions"}],"wp:featuredmedia":[{"embeddable":true,"href":"https:\/\/elazigtso.org.tr\/tr\/index.php\/wp-json\/wp\/v2\/media\/5650"}],"wp:attachment":[{"href":"https:\/\/elazigtso.org.tr\/tr\/index.php\/wp-json\/wp\/v2\/media?parent=5442"}],"wp:term":[{"taxonomy":"category","embeddable":true,"href":"https:\/\/elazigtso.org.tr\/tr\/index.php\/wp-json\/wp\/v2\/categories?post=5442"},{"taxonomy":"post_tag","embeddable":true,"href":"https:\/\/elazigtso.org.tr\/tr\/index.php\/wp-json\/wp\/v2\/tags?post=5442"}],"curies":[{"name":"wp","href":"https:\/\/api.w.org\/{rel}","templated":true}]}}