{"id":5441,"date":"2023-07-27T14:45:19","date_gmt":"2023-07-27T11:45:19","guid":{"rendered":"http:\/\/elazigtso.com\/tr\/index.php\/2023\/07\/27\/gacde-gerceklestirilmesi-ongorulen-turkiye-ticaret-ve-yatirim-gunu\/"},"modified":"2023-07-27T14:45:19","modified_gmt":"2023-07-27T11:45:19","slug":"gacde-gerceklestirilmesi-ongorulen-turkiye-ticaret-ve-yatirim-gunu","status":"publish","type":"post","link":"https:\/\/elazigtso.org.tr\/tr\/index.php\/2023\/07\/27\/gacde-gerceklestirilmesi-ongorulen-turkiye-ticaret-ve-yatirim-gunu\/","title":{"rendered":"GAC&#8217;de ger\u00e7ekle\u015ftirilmesi \u00f6ng\u00f6r\u00fclen &#8220;T\u00fcrkiye Ticaret ve Yat\u0131r\u0131m G\u00fcn\u00fc&#8221;"},"content":{"rendered":"<\/p>\n<div class=\"content-detail\">\n<p>Say\u0131n \u00dcyemiz,<\/p>\n<p>TOBB taraf\u0131ndan Odam\u0131za g\u00f6nderilen yaz\u0131da,\u00a0D\u0131\u015fi\u015fleri Bakanl\u0131\u011f\u0131&#8217;n\u0131n 26.10.2022 tarih ve 35108581 say\u0131l\u0131 yaz\u0131s\u0131na atfen,\u00a0\u0130lgide kay\u0131tl\u0131 yaz\u0131da, Pretorya B\u00fcy\u00fckel\u00e7ili\u011fimizden al\u0131nan yaz\u0131ya atfen, Ticaret Bakanl\u0131\u011f\u0131 ile G\u00fcney Afrika Cumhuriyeti (GAC) Yat\u0131r\u0131m Ofisi i\u015fbirli\u011fiyle 11 Kas\u0131m 2022 tarihinde Johannesburg Ticaret Odas\u0131&#8217;nda &#8220;T\u00fcrkiye Ticaret ve Yat\u0131r\u0131m G\u00fcn\u00fc&#8221; etkinli\u011finin d\u00fczenlenmesinin planland\u0131\u011f\u0131 bildirilmektedir.<\/p>\n<p>Yaz\u0131da devamla, GAC&#8217;deki \u00f6nde gelen i\u015f \u00e7evrelerinin yan\u0131s\u0131ra \u00fclkede faaliyet g\u00f6steren T\u00fcrk ve G\u00fcney Afrikal\u0131<br \/>\ni\u015f insanlar\u0131n\u0131 bir araya getirecek etkinli\u011fin taslak program\u0131 ekte sunulmaktad\u0131r.<\/p>\n<p><a href=\"http:\/\/www.elazigtso.org.tr\/public\/docs_oda\/duyuru\/08.11.22\/GAC_de%20gerekletirilmesi%20ngrlen%20Trkiye%20Ticaret%20ve%20Yatrm%20Gn.pdf\" target=\"_blank\" rel=\"noopener\">Ek:\u00a0GAC&#8217;de ger\u00e7ekle\u015ftirilmesi \u00f6ng\u00f6r\u00fclen &#8220;T\u00fcrkiye Ticaret ve Yat\u0131r\u0131m G\u00fcn\u00fc&#8221;<\/a><\/p>\n<p>Sayg\u0131lar\u0131m\u0131zla,<\/p>\n<p>Elaz\u0131\u011f Ticaret ve Sanayi Odas\u0131<\/p>\n<p>\u00a0<\/p>\n<p>Bu duyuru 372 defa okundu. <\/p>\n<p>Ekleme Tarihi :2022-11-08 10:59:00 <\/p>\n<\/p><\/div>\n","protected":false},"excerpt":{"rendered":"<p>Say\u0131n \u00dcyemiz, TOBB taraf\u0131ndan Odam\u0131za g\u00f6nderilen yaz\u0131da,\u00a0D\u0131\u015fi\u015fleri Bakanl\u0131\u011f\u0131&#8217;n\u0131n 26.10.2022 tarih ve 35108581 say\u0131l\u0131 yaz\u0131s\u0131na atfen,\u00a0\u0130lgide kay\u0131tl\u0131 yaz\u0131da, Pretorya B\u00fcy\u00fckel\u00e7ili\u011fimizden al\u0131nan yaz\u0131ya atfen, Ticaret Bakanl\u0131\u011f\u0131 ile G\u00fcney Afrika Cumhuriyeti (GAC) Yat\u0131r\u0131m Ofisi i\u015fbirli\u011fiyle 11 Kas\u0131m 2022 tarihinde Johannesburg Ticaret Odas\u0131&#8217;nda &#8220;T\u00fcrkiye Ticaret ve Yat\u0131r\u0131m G\u00fcn\u00fc&#8221; etkinli\u011finin d\u00fczenlenmesinin planland\u0131\u011f\u0131 bildirilmektedir. Yaz\u0131da devamla, GAC&#8217;deki \u00f6nde gelen i\u015f \u00e7evrelerinin [&hellip;]<\/p>\n","protected":false},"author":1,"featured_media":5650,"comment_status":"open","ping_status":"open","sticky":false,"template":"","format":"standard","meta":{"_jetpack_memberships_contains_paid_content":false,"footnotes":""},"categories":[3],"tags":[],"class_list":["post-5441","post","type-post","status-publish","format-standard","has-post-thumbnail","hentry","category-duyuru"],"jetpack_sharing_enabled":true,"jetpack_featured_media_url":"https:\/\/elazigtso.org.tr\/tr\/wp-content\/uploads\/2023\/07\/logo_news-80.jpg","_links":{"self":[{"href":"https:\/\/elazigtso.org.tr\/tr\/index.php\/wp-json\/wp\/v2\/posts\/5441","targetHints":{"allow":["GET"]}}],"collection":[{"href":"https:\/\/elazigtso.org.tr\/tr\/index.php\/wp-json\/wp\/v2\/posts"}],"about":[{"href":"https:\/\/elazigtso.org.tr\/tr\/index.php\/wp-json\/wp\/v2\/types\/post"}],"author":[{"embeddable":true,"href":"https:\/\/elazigtso.org.tr\/tr\/index.php\/wp-json\/wp\/v2\/users\/1"}],"replies":[{"embeddable":true,"href":"https:\/\/elazigtso.org.tr\/tr\/index.php\/wp-json\/wp\/v2\/comments?post=5441"}],"version-history":[{"count":0,"href":"https:\/\/elazigtso.org.tr\/tr\/index.php\/wp-json\/wp\/v2\/posts\/5441\/revisions"}],"wp:featuredmedia":[{"embeddable":true,"href":"https:\/\/elazigtso.org.tr\/tr\/index.php\/wp-json\/wp\/v2\/media\/5650"}],"wp:attachment":[{"href":"https:\/\/elazigtso.org.tr\/tr\/index.php\/wp-json\/wp\/v2\/media?parent=5441"}],"wp:term":[{"taxonomy":"category","embeddable":true,"href":"https:\/\/elazigtso.org.tr\/tr\/index.php\/wp-json\/wp\/v2\/categories?post=5441"},{"taxonomy":"post_tag","embeddable":true,"href":"https:\/\/elazigtso.org.tr\/tr\/index.php\/wp-json\/wp\/v2\/tags?post=5441"}],"curies":[{"name":"wp","href":"https:\/\/api.w.org\/{rel}","templated":true}]}}