{"id":5440,"date":"2023-07-27T14:43:19","date_gmt":"2023-07-27T11:43:19","guid":{"rendered":"http:\/\/elazigtso.com\/tr\/index.php\/2023\/07\/27\/kamerun-2-limbe-uluslararasi-turizm-fuari\/"},"modified":"2023-07-27T14:43:19","modified_gmt":"2023-07-27T11:43:19","slug":"kamerun-2-limbe-uluslararasi-turizm-fuari","status":"publish","type":"post","link":"https:\/\/elazigtso.org.tr\/tr\/index.php\/2023\/07\/27\/kamerun-2-limbe-uluslararasi-turizm-fuari\/","title":{"rendered":"Kamerun 2. Limbe Uluslararas\u0131 Turizm Fuar\u0131"},"content":{"rendered":"<\/p>\n<div class=\"content-detail\">\n<p>Say\u0131n \u00dcyemiz,<\/p>\n<p>TOBB taraf\u0131ndan Odam\u0131za g\u00f6nderilen yaz\u0131da,\u00a0D\u0131\u015fi\u015fleri Bakanl\u0131\u011f\u0131&#8217;n\u0131n 31.10.2022 tarih ve 35117571 say\u0131l\u0131 yaz\u0131s\u0131na atfen,\u00a0\u0130lgide kay\u0131tl\u0131 yaz\u0131da, Kamerun Ankara B\u00fcy\u00fckel\u00e7ili\u011fi&#8217;nden al\u0131nan bir \u00f6rne\u011fi ekli Notalara atfen, 3-5 Aral\u0131k 2022 tarihleri aras\u0131nda Limbe&#8217;de Kamerun men\u015feli &#8220;Flora Travel and Tours Ltd&#8221; \u015firketi taraf\u0131ndan &#8220;Limbe 2. Uluslararas\u0131 Turizm Fuar\u0131&#8221;n\u0131n d\u00fczenlenece\u011fi bildirilmektedir.<\/p>\n<p>Fuara ili\u015fkin detayl\u0131 bilgi www.floratraveltours.com ba\u011flant\u0131s\u0131ndan veya telefonla (+237 678 553 913)<br \/>\nal\u0131nabilir. Detaylar ektedir.<\/p>\n<p><a href=\"http:\/\/www.elazigtso.org.tr\/public\/docs_oda\/duyuru\/08.11.22\/Kamerun%202.%20Limbe%20Uluslararas%20Turizm%20Fuar.pdf\" target=\"_blank\" rel=\"noopener\">Ek:\u00a0Kamerun 2. Limbe Uluslararas\u0131 Turizm Fuar\u0131<\/a><\/p>\n<p>Sayg\u0131lar\u0131m\u0131zla,<\/p>\n<p>Elaz\u0131\u011f Ticaret ve Sanayi Odas\u0131<\/p>\n<p>\u00a0<\/p>\n<p>Bu duyuru 420 defa okundu. <\/p>\n<p>Ekleme Tarihi :2022-11-08 10:55:00 <\/p>\n<\/p><\/div>\n","protected":false},"excerpt":{"rendered":"<p>Say\u0131n \u00dcyemiz, TOBB taraf\u0131ndan Odam\u0131za g\u00f6nderilen yaz\u0131da,\u00a0D\u0131\u015fi\u015fleri Bakanl\u0131\u011f\u0131&#8217;n\u0131n 31.10.2022 tarih ve 35117571 say\u0131l\u0131 yaz\u0131s\u0131na atfen,\u00a0\u0130lgide kay\u0131tl\u0131 yaz\u0131da, Kamerun Ankara B\u00fcy\u00fckel\u00e7ili\u011fi&#8217;nden al\u0131nan bir \u00f6rne\u011fi ekli Notalara atfen, 3-5 Aral\u0131k 2022 tarihleri aras\u0131nda Limbe&#8217;de Kamerun men\u015feli &#8220;Flora Travel and Tours Ltd&#8221; \u015firketi taraf\u0131ndan &#8220;Limbe 2. Uluslararas\u0131 Turizm Fuar\u0131&#8221;n\u0131n d\u00fczenlenece\u011fi bildirilmektedir. Fuara ili\u015fkin detayl\u0131 bilgi www.floratraveltours.com ba\u011flant\u0131s\u0131ndan veya [&hellip;]<\/p>\n","protected":false},"author":1,"featured_media":5650,"comment_status":"open","ping_status":"open","sticky":false,"template":"","format":"standard","meta":{"_jetpack_memberships_contains_paid_content":false,"footnotes":""},"categories":[3],"tags":[],"class_list":["post-5440","post","type-post","status-publish","format-standard","has-post-thumbnail","hentry","category-duyuru"],"jetpack_sharing_enabled":true,"jetpack_featured_media_url":"https:\/\/elazigtso.org.tr\/tr\/wp-content\/uploads\/2023\/07\/logo_news-80.jpg","_links":{"self":[{"href":"https:\/\/elazigtso.org.tr\/tr\/index.php\/wp-json\/wp\/v2\/posts\/5440","targetHints":{"allow":["GET"]}}],"collection":[{"href":"https:\/\/elazigtso.org.tr\/tr\/index.php\/wp-json\/wp\/v2\/posts"}],"about":[{"href":"https:\/\/elazigtso.org.tr\/tr\/index.php\/wp-json\/wp\/v2\/types\/post"}],"author":[{"embeddable":true,"href":"https:\/\/elazigtso.org.tr\/tr\/index.php\/wp-json\/wp\/v2\/users\/1"}],"replies":[{"embeddable":true,"href":"https:\/\/elazigtso.org.tr\/tr\/index.php\/wp-json\/wp\/v2\/comments?post=5440"}],"version-history":[{"count":0,"href":"https:\/\/elazigtso.org.tr\/tr\/index.php\/wp-json\/wp\/v2\/posts\/5440\/revisions"}],"wp:featuredmedia":[{"embeddable":true,"href":"https:\/\/elazigtso.org.tr\/tr\/index.php\/wp-json\/wp\/v2\/media\/5650"}],"wp:attachment":[{"href":"https:\/\/elazigtso.org.tr\/tr\/index.php\/wp-json\/wp\/v2\/media?parent=5440"}],"wp:term":[{"taxonomy":"category","embeddable":true,"href":"https:\/\/elazigtso.org.tr\/tr\/index.php\/wp-json\/wp\/v2\/categories?post=5440"},{"taxonomy":"post_tag","embeddable":true,"href":"https:\/\/elazigtso.org.tr\/tr\/index.php\/wp-json\/wp\/v2\/tags?post=5440"}],"curies":[{"name":"wp","href":"https:\/\/api.w.org\/{rel}","templated":true}]}}