{"id":5437,"date":"2023-07-27T14:39:17","date_gmt":"2023-07-27T11:39:17","guid":{"rendered":"http:\/\/elazigtso.com\/tr\/index.php\/2023\/07\/27\/orman-ve-ekosistem-zirvesi-fuari\/"},"modified":"2023-07-27T14:39:17","modified_gmt":"2023-07-27T11:39:17","slug":"orman-ve-ekosistem-zirvesi-fuari","status":"publish","type":"post","link":"https:\/\/elazigtso.org.tr\/tr\/index.php\/2023\/07\/27\/orman-ve-ekosistem-zirvesi-fuari\/","title":{"rendered":"Orman ve Ekosistem Zirvesi Fuar\u0131"},"content":{"rendered":"<\/p>\n<div class=\"content-detail\">\n<p>Say\u0131n \u00dcyemiz,<\/p>\n<p>TOBB taraf\u0131ndan Odam\u0131za g\u00f6nderilen yaz\u0131ya atfen,\u00a011-13 Kas\u0131m 2022 tarihlerinde Orman M\u00fchendisleri Odas\u0131 taraf\u0131ndan Ankara ATO Congresium Kongre ve Sergi Merkezi&#8217;nde ger\u00e7ekle\u015ftirilecek olan &#8221;Orman ve Ekosistem Zirvesi &amp; Fuar\u0131&#8221;nda, 12 Kas\u0131m 2022 Cumartesi g\u00fcn\u00fc 14.00-17.00 saatleri aras\u0131nda TOBB T\u00fcrkiye Orman \u00dcr\u00fcnleri Meclisi \u00f6zel paneli d\u00fczenlenecektir.\u00a0\u00a0<\/p>\n<p>Kamunun ve \u00f6zel sekt\u00f6r\u00fcn t\u00fcm taraflar\u0131n\u0131n bir arada yer alaca\u011f\u0131 panelde; orman \u00fcr\u00fcnleri sekt\u00f6r\u00fcn\u00fcn gelecek<br \/>\nvizyonu ve bu vizyona ula\u015fmak i\u00e7in ihtiya\u00e7 duyulan ad\u0131mlar de\u011ferlendirilecek olup, ekli program kapsam\u0131nda<br \/>\nger\u00e7ekle\u015ftirilecek panelin ilgili \u00fcyelerinize duyurulmas\u0131ndan memnuniyet duyulacakt\u0131r.<\/p>\n<p><a href=\"http:\/\/www.elazigtso.org.tr\/public\/docs_oda\/duyuru\/08.11.22\/Orman%20ve%20Ekosistem%20Zirvesi%20Fuar%20Hk..pdf\" target=\"_blank\" rel=\"noopener\">Ek:\u00a0Orman ve Ekosistem Zirvesi Fuar\u0131<\/a><\/p>\n<p>Sayg\u0131lar\u0131m\u0131zla,<\/p>\n<p>Elaz\u0131\u011f Ticaret ve Sanayi Odas\u0131<\/p>\n<p>\u00a0<\/p>\n<p>Bu duyuru 346 defa okundu. <\/p>\n<p>Ekleme Tarihi :2022-11-08 10:41:00 <\/p>\n<\/p><\/div>\n","protected":false},"excerpt":{"rendered":"<p>Say\u0131n \u00dcyemiz, TOBB taraf\u0131ndan Odam\u0131za g\u00f6nderilen yaz\u0131ya atfen,\u00a011-13 Kas\u0131m 2022 tarihlerinde Orman M\u00fchendisleri Odas\u0131 taraf\u0131ndan Ankara ATO Congresium Kongre ve Sergi Merkezi&#8217;nde ger\u00e7ekle\u015ftirilecek olan &#8221;Orman ve Ekosistem Zirvesi &amp; Fuar\u0131&#8221;nda, 12 Kas\u0131m 2022 Cumartesi g\u00fcn\u00fc 14.00-17.00 saatleri aras\u0131nda TOBB T\u00fcrkiye Orman \u00dcr\u00fcnleri Meclisi \u00f6zel paneli d\u00fczenlenecektir.\u00a0\u00a0 Kamunun ve \u00f6zel sekt\u00f6r\u00fcn t\u00fcm taraflar\u0131n\u0131n bir arada yer [&hellip;]<\/p>\n","protected":false},"author":1,"featured_media":5650,"comment_status":"open","ping_status":"open","sticky":false,"template":"","format":"standard","meta":{"_jetpack_memberships_contains_paid_content":false,"footnotes":""},"categories":[3],"tags":[],"class_list":["post-5437","post","type-post","status-publish","format-standard","has-post-thumbnail","hentry","category-duyuru"],"jetpack_sharing_enabled":true,"jetpack_featured_media_url":"https:\/\/elazigtso.org.tr\/tr\/wp-content\/uploads\/2023\/07\/logo_news-80.jpg","_links":{"self":[{"href":"https:\/\/elazigtso.org.tr\/tr\/index.php\/wp-json\/wp\/v2\/posts\/5437","targetHints":{"allow":["GET"]}}],"collection":[{"href":"https:\/\/elazigtso.org.tr\/tr\/index.php\/wp-json\/wp\/v2\/posts"}],"about":[{"href":"https:\/\/elazigtso.org.tr\/tr\/index.php\/wp-json\/wp\/v2\/types\/post"}],"author":[{"embeddable":true,"href":"https:\/\/elazigtso.org.tr\/tr\/index.php\/wp-json\/wp\/v2\/users\/1"}],"replies":[{"embeddable":true,"href":"https:\/\/elazigtso.org.tr\/tr\/index.php\/wp-json\/wp\/v2\/comments?post=5437"}],"version-history":[{"count":0,"href":"https:\/\/elazigtso.org.tr\/tr\/index.php\/wp-json\/wp\/v2\/posts\/5437\/revisions"}],"wp:featuredmedia":[{"embeddable":true,"href":"https:\/\/elazigtso.org.tr\/tr\/index.php\/wp-json\/wp\/v2\/media\/5650"}],"wp:attachment":[{"href":"https:\/\/elazigtso.org.tr\/tr\/index.php\/wp-json\/wp\/v2\/media?parent=5437"}],"wp:term":[{"taxonomy":"category","embeddable":true,"href":"https:\/\/elazigtso.org.tr\/tr\/index.php\/wp-json\/wp\/v2\/categories?post=5437"},{"taxonomy":"post_tag","embeddable":true,"href":"https:\/\/elazigtso.org.tr\/tr\/index.php\/wp-json\/wp\/v2\/tags?post=5437"}],"curies":[{"name":"wp","href":"https:\/\/api.w.org\/{rel}","templated":true}]}}