{"id":5433,"date":"2023-07-27T14:24:12","date_gmt":"2023-07-27T11:24:12","guid":{"rendered":"http:\/\/elazigtso.com\/tr\/index.php\/2023\/07\/27\/turkiye-tacikistan-is-forumu-10-kasim-2022-dusanbe\/"},"modified":"2023-07-27T14:24:12","modified_gmt":"2023-07-27T11:24:12","slug":"turkiye-tacikistan-is-forumu-10-kasim-2022-dusanbe","status":"publish","type":"post","link":"https:\/\/elazigtso.org.tr\/tr\/index.php\/2023\/07\/27\/turkiye-tacikistan-is-forumu-10-kasim-2022-dusanbe\/","title":{"rendered":"T\u00fcrkiye-Tacikistan \u0130\u015f Forumu, 10 Kas\u0131m 2022, Du\u015fanbe"},"content":{"rendered":"<\/p>\n<div class=\"content-detail\">\n<p>Say\u0131n \u00dcyemiz,<\/p>\n<p>TOBB taraf\u0131ndan Odam\u0131za g\u00f6nderilen yaz\u0131da,\u00a0D\u0131\u015f Ekonomik \u0130li\u015fkiler Kurulu&#8217;nun 3 Kas\u0131m 2022 tarihli e-posta yaz\u0131s\u0131na atfen,\u00a0D\u0131\u015f Ekonomik \u0130li\u015fkiler Kurulu&#8217;ndan (DE\u0130K) gelen bilgide, T.C. Ticaret Bakan\u0131 Say\u0131n Mehmet Mu\u015f&#8217;un ikili ticari ve ekonomik ili\u015fkileri de\u011ferlendirmek amac\u0131yla yapaca\u011f\u0131 Tacikistan ziyareti kapsam\u0131nda, 10 Kas\u0131m 2022, Per\u015fembe g\u00fcn\u00fc Du\u015fanbe&#8217;de T\u00fcrkiye-Tacikistan \u0130\u015f Forumu&#8217;nun d\u00fczenlenmesi planland\u0131\u011f\u0131 belirtilmektedir.<\/p>\n<p>T. C. Ticaret Bakan\u0131 Say\u0131n Mehmet Mu\u015f ve Tacikistan Ekonomik Kalk\u0131nma ve Ticaret Bakan\u0131 Say\u0131n Zavki<br \/>\nAmin Zavkizoda&#8217;n\u0131n kat\u0131l\u0131mlar\u0131 ile ger\u00e7ekle\u015ftirilmesi \u00f6ng\u00f6r\u00fclen \u0130\u015f Forumuna kat\u0131lmak isteyen firmalar\u0131n 8<br \/>\nKas\u0131m 2022 Sal\u0131 g\u00fcn\u00fc saat 18:00&#8217;e kadar https:\/\/portal.deik.org.tr\/KatilimFormu\/1491\/19237 ba\u011flant\u0131s\u0131ndan<br \/>\nkay\u0131t olu\u015fturmalar\u0131 gerekmektedir. Detayl\u0131 bilgi: i\u00e7in DE\u0130K\/T\u00fcrkiye-Avrasya \u0130\u015f Konseyleri Koordinat\u00f6r\u00fc<br \/>\nTu\u011fba Bal Bahar (0212 339 50 55, e-posta: avrasyabolgesi@deik.org.tr) ile irtibata ge\u00e7ilebilir.<\/p>\n<p>U\u00e7ak biletleri, Du\u015fanbe&#8217;de \u015fehir i\u00e7i ula\u015f\u0131m ve konaklama kat\u0131l\u0131mc\u0131lar taraf\u0131ndan m\u00fcnferit olarak organize<br \/>\nedilecektir. Toplant\u0131n\u0131n ger\u00e7ekle\u015ftirilece\u011fi yer ve program kay\u0131t yapt\u0131ran firma temsilcilerine DE\u0130K taraf\u0131ndan<br \/>\nbilahare iletilecektir. Tacikistan&#8217;a seyahatlerde u\u00e7u\u015ftan \u00f6nce en fazla 72 saat i\u00e7erisinde yap\u0131lm\u0131\u015f negatif sonu\u00e7lu<br \/>\nCOVID-19 PCR test raporunun veya 2 doz a\u015f\u0131 uygulamas\u0131n\u0131 i\u00e7eren a\u015f\u0131 kart\u0131n\u0131n ibraz edilmesi zorunludur. Kare<br \/>\nkodu test raporunun \u0130ngilizce d\u00fczenlenmi\u015f olmas\u0131 gerekmektedir.<\/p>\n<p>Sayg\u0131lar\u0131m\u0131zla,<\/p>\n<p>Elaz\u0131\u011f Ticaret ve Sanayi Odas\u0131<\/p>\n<p>\u00a0<\/p>\n<p>Bu duyuru 165 defa okundu. <\/p>\n<p>Ekleme Tarihi :2022-11-07 03:23:00 <\/p>\n<\/p><\/div>\n","protected":false},"excerpt":{"rendered":"<p>Say\u0131n \u00dcyemiz, TOBB taraf\u0131ndan Odam\u0131za g\u00f6nderilen yaz\u0131da,\u00a0D\u0131\u015f Ekonomik \u0130li\u015fkiler Kurulu&#8217;nun 3 Kas\u0131m 2022 tarihli e-posta yaz\u0131s\u0131na atfen,\u00a0D\u0131\u015f Ekonomik \u0130li\u015fkiler Kurulu&#8217;ndan (DE\u0130K) gelen bilgide, T.C. Ticaret Bakan\u0131 Say\u0131n Mehmet Mu\u015f&#8217;un ikili ticari ve ekonomik ili\u015fkileri de\u011ferlendirmek amac\u0131yla yapaca\u011f\u0131 Tacikistan ziyareti kapsam\u0131nda, 10 Kas\u0131m 2022, Per\u015fembe g\u00fcn\u00fc Du\u015fanbe&#8217;de T\u00fcrkiye-Tacikistan \u0130\u015f Forumu&#8217;nun d\u00fczenlenmesi planland\u0131\u011f\u0131 belirtilmektedir. T. C. Ticaret [&hellip;]<\/p>\n","protected":false},"author":1,"featured_media":5650,"comment_status":"open","ping_status":"open","sticky":false,"template":"","format":"standard","meta":{"_jetpack_memberships_contains_paid_content":false,"footnotes":""},"categories":[3],"tags":[],"class_list":["post-5433","post","type-post","status-publish","format-standard","has-post-thumbnail","hentry","category-duyuru"],"jetpack_sharing_enabled":true,"jetpack_featured_media_url":"https:\/\/elazigtso.org.tr\/tr\/wp-content\/uploads\/2023\/07\/logo_news-80.jpg","_links":{"self":[{"href":"https:\/\/elazigtso.org.tr\/tr\/index.php\/wp-json\/wp\/v2\/posts\/5433","targetHints":{"allow":["GET"]}}],"collection":[{"href":"https:\/\/elazigtso.org.tr\/tr\/index.php\/wp-json\/wp\/v2\/posts"}],"about":[{"href":"https:\/\/elazigtso.org.tr\/tr\/index.php\/wp-json\/wp\/v2\/types\/post"}],"author":[{"embeddable":true,"href":"https:\/\/elazigtso.org.tr\/tr\/index.php\/wp-json\/wp\/v2\/users\/1"}],"replies":[{"embeddable":true,"href":"https:\/\/elazigtso.org.tr\/tr\/index.php\/wp-json\/wp\/v2\/comments?post=5433"}],"version-history":[{"count":0,"href":"https:\/\/elazigtso.org.tr\/tr\/index.php\/wp-json\/wp\/v2\/posts\/5433\/revisions"}],"wp:featuredmedia":[{"embeddable":true,"href":"https:\/\/elazigtso.org.tr\/tr\/index.php\/wp-json\/wp\/v2\/media\/5650"}],"wp:attachment":[{"href":"https:\/\/elazigtso.org.tr\/tr\/index.php\/wp-json\/wp\/v2\/media?parent=5433"}],"wp:term":[{"taxonomy":"category","embeddable":true,"href":"https:\/\/elazigtso.org.tr\/tr\/index.php\/wp-json\/wp\/v2\/categories?post=5433"},{"taxonomy":"post_tag","embeddable":true,"href":"https:\/\/elazigtso.org.tr\/tr\/index.php\/wp-json\/wp\/v2\/tags?post=5433"}],"curies":[{"name":"wp","href":"https:\/\/api.w.org\/{rel}","templated":true}]}}