{"id":5427,"date":"2023-07-27T12:22:09","date_gmt":"2023-07-27T09:22:09","guid":{"rendered":"http:\/\/elazigtso.com\/tr\/index.php\/2023\/07\/27\/fas-demir-yolu-ofisi-oncf-tarafindan-vagonlarin-yerlestirilmesi-amacli-karayolu-rayli-araclarin-temini-icin-acilan-ihale\/"},"modified":"2023-07-27T12:22:09","modified_gmt":"2023-07-27T09:22:09","slug":"fas-demir-yolu-ofisi-oncf-tarafindan-vagonlarin-yerlestirilmesi-amacli-karayolu-rayli-araclarin-temini-icin-acilan-ihale","status":"publish","type":"post","link":"https:\/\/elazigtso.org.tr\/tr\/index.php\/2023\/07\/27\/fas-demir-yolu-ofisi-oncf-tarafindan-vagonlarin-yerlestirilmesi-amacli-karayolu-rayli-araclarin-temini-icin-acilan-ihale\/","title":{"rendered":"Fas Demir Yolu Ofisi (ONCF) Taraf\u0131ndan, Vagonlar\u0131n Yerle\u015ftirilmesi Ama\u00e7l\u0131 Karayolu Rayl\u0131 Ara\u00e7lar\u0131n Temini \u0130\u00e7in A\u00e7\u0131lan \u0130hale"},"content":{"rendered":"<\/p>\n<div class=\"content-detail\">\n<p>Say\u0131n \u00dcyemiz,<\/p>\n<p>TOBB taraf\u0131ndan Odam\u0131za g\u00f6nderilen yaz\u0131da,\u00a0Ticaret Bakanl\u0131\u011f\u0131&#8217;n\u0131n 20.10.2022 tarih ve 79274237 say\u0131l\u0131 yaz\u0131s\u0131na atfen,\u00a0\u0130lgide kay\u0131tl\u0131 ve bir \u00f6rne\u011fi ekte sunulan yaz\u0131da, Fas Demir Yolu Ofisi (ONCF) taraf\u0131ndan vagonlar\u0131n yerle\u015ftirilmesi ama\u00e7l\u0131 karayolu rayl\u0131 ara\u00e7lar\u0131n temini i\u00e7in ihale a\u00e7\u0131ld\u0131\u011f\u0131 bilgisi verilmektedir. \u0130halenin tahmini b\u00fct\u00e7esinin 60.000.000 (altm\u0131\u015fmilyon) Fas Dirhemi (yakla\u015f\u0131k 5,43 Milyon Dolar) oldu\u011fu ve ihaleye kat\u0131l\u0131m i\u00e7in adaylar\u0131n 81.564 (seksenbirbinbe\u015fy\u00fczaltm\u0131\u015fd\u00f6rt) Fas Dirhemini (yakla\u015f\u0131k 900.000 ABD Dolar\u0131) g\u00fcvence olarak yat\u0131rmas\u0131 gerekti\u011fi belirtilmektedir.<\/p>\n<p>\u0130haleye ili\u015fkin daha detayl\u0131<br \/>\nbilgiye https:\/\/www.marchespublics.gov.ma\/index.php?page=entreprise.EntrepriseDemandeTelechargementDce<br \/>\n&amp;refConsultation=667927&amp;orgAcronyme=o8p adresinden ula\u015f\u0131labilir.<\/p>\n<p><a href=\"http:\/\/www.elazigtso.org.tr\/public\/docs_oda\/duyuru\/01.11.22\/Fas%20Demir%20Yolu%20Ofisi%20%28ONCF%29%20Taraf%C4%B1ndan%2C%20Vagonlar%C4%B1n%20Yerle%C5%9Ftirilmesi%20Ama%C3%A7l%C4%B1%20Karayolu%20Rayl%C4%B1%20Ara%C3%A7lar%C4%B1n%20Temini%20%C4%B0%C3%A7in%20A%C3%A7%C4%B1lan%20%C4%B0hale.pdf\" target=\"_blank\" rel=\"noopener\">Ek:\u00a0Fas Demir Yolu Ofisi<\/a><\/p>\n<p>Sayg\u0131lar\u0131m\u0131zla,<\/p>\n<p>Elaz\u0131\u011f Ticaret ve Sanayi Odas\u0131<\/p>\n<p>\u00a0<\/p>\n<p>Bu duyuru 589 defa okundu. <\/p>\n<p>Ekleme Tarihi :2022-11-01 03:29:00 <\/p>\n<\/p><\/div>\n","protected":false},"excerpt":{"rendered":"<p>Say\u0131n \u00dcyemiz, TOBB taraf\u0131ndan Odam\u0131za g\u00f6nderilen yaz\u0131da,\u00a0Ticaret Bakanl\u0131\u011f\u0131&#8217;n\u0131n 20.10.2022 tarih ve 79274237 say\u0131l\u0131 yaz\u0131s\u0131na atfen,\u00a0\u0130lgide kay\u0131tl\u0131 ve bir \u00f6rne\u011fi ekte sunulan yaz\u0131da, Fas Demir Yolu Ofisi (ONCF) taraf\u0131ndan vagonlar\u0131n yerle\u015ftirilmesi ama\u00e7l\u0131 karayolu rayl\u0131 ara\u00e7lar\u0131n temini i\u00e7in ihale a\u00e7\u0131ld\u0131\u011f\u0131 bilgisi verilmektedir. \u0130halenin tahmini b\u00fct\u00e7esinin 60.000.000 (altm\u0131\u015fmilyon) Fas Dirhemi (yakla\u015f\u0131k 5,43 Milyon Dolar) oldu\u011fu ve ihaleye kat\u0131l\u0131m [&hellip;]<\/p>\n","protected":false},"author":1,"featured_media":5650,"comment_status":"open","ping_status":"open","sticky":false,"template":"","format":"standard","meta":{"_jetpack_memberships_contains_paid_content":false,"footnotes":""},"categories":[3],"tags":[],"class_list":["post-5427","post","type-post","status-publish","format-standard","has-post-thumbnail","hentry","category-duyuru"],"jetpack_sharing_enabled":true,"jetpack_featured_media_url":"https:\/\/elazigtso.org.tr\/tr\/wp-content\/uploads\/2023\/07\/logo_news-80.jpg","_links":{"self":[{"href":"https:\/\/elazigtso.org.tr\/tr\/index.php\/wp-json\/wp\/v2\/posts\/5427","targetHints":{"allow":["GET"]}}],"collection":[{"href":"https:\/\/elazigtso.org.tr\/tr\/index.php\/wp-json\/wp\/v2\/posts"}],"about":[{"href":"https:\/\/elazigtso.org.tr\/tr\/index.php\/wp-json\/wp\/v2\/types\/post"}],"author":[{"embeddable":true,"href":"https:\/\/elazigtso.org.tr\/tr\/index.php\/wp-json\/wp\/v2\/users\/1"}],"replies":[{"embeddable":true,"href":"https:\/\/elazigtso.org.tr\/tr\/index.php\/wp-json\/wp\/v2\/comments?post=5427"}],"version-history":[{"count":0,"href":"https:\/\/elazigtso.org.tr\/tr\/index.php\/wp-json\/wp\/v2\/posts\/5427\/revisions"}],"wp:featuredmedia":[{"embeddable":true,"href":"https:\/\/elazigtso.org.tr\/tr\/index.php\/wp-json\/wp\/v2\/media\/5650"}],"wp:attachment":[{"href":"https:\/\/elazigtso.org.tr\/tr\/index.php\/wp-json\/wp\/v2\/media?parent=5427"}],"wp:term":[{"taxonomy":"category","embeddable":true,"href":"https:\/\/elazigtso.org.tr\/tr\/index.php\/wp-json\/wp\/v2\/categories?post=5427"},{"taxonomy":"post_tag","embeddable":true,"href":"https:\/\/elazigtso.org.tr\/tr\/index.php\/wp-json\/wp\/v2\/tags?post=5427"}],"curies":[{"name":"wp","href":"https:\/\/api.w.org\/{rel}","templated":true}]}}